{"id":60380,"date":"2022-03-03T13:37:23","date_gmt":"2022-03-03T13:37:23","guid":{"rendered":"https:\/\/jorgezanoni.com.br\/2019\/?p=60380"},"modified":"2022-03-03T13:37:23","modified_gmt":"2022-03-03T13:37:23","slug":"policia-civil-prende-em-flagrante-homem-suspeito-de-furtar-objetos-de-imovel-em-obras-em-dracena","status":"publish","type":"post","link":"https:\/\/jorgezanoni.com.br\/2019\/policia-civil-prende-em-flagrante-homem-suspeito-de-furtar-objetos-de-imovel-em-obras-em-dracena\/","title":{"rendered":"Pol\u00edcia Civil prende em flagrante homem suspeito de furtar objetos de im\u00f3vel em obras em Dracena"},"content":{"rendered":"<p style=\"text-align: justify;\"><strong>POL\u00cdCIA CIVIL PRENDE EM FLAGRANTE HOMEM SUSPEITO DE FURTAR OBJETOS DE UM IM\u00d3VEL EM OBRAS NO MUNIC\u00cdPIO DE DRACENA.<\/strong><\/p>\n<p style=\"text-align: justify;\">Duas janelas, tipo venezianas, na cor azul, foram recuperadas e apreendidas em poder do homem preso. O furto ocorreu em uma casa que est\u00e1 em reforma, localizada no bairro Jussara, em Dracena.<\/p>\n<p style=\"text-align: justify;\">A Pol\u00edcia Civil, por interm\u00e9dio do Plant\u00e3o Policial Permanente de Dracena, com apoio de agentes da DIG\/DISE, prendeu em flagrante, no in\u00edcio da noite de quarta-feira (2), um homem de 40 anos, suspeito de praticar furto de objetos da reforma em uma resid\u00eancia, localizada bairro Jardim Jussara, em Dracena.<\/p>\n<p style=\"text-align: justify;\">Policiais civis do Plant\u00e3o Policial foram procurados pela v\u00edtima, o qual informou que constantemente sua constru\u00e7\u00e3o \u00e9 alvo de furtos de objetos. Relatando ainda, que na final da tarde dessa quarta-feira (2), percebeu que furtaram duas janelas usadas, que seriam substitu\u00eddas por outras novas e que iria reaproveita-las em outra obra de sua propriedade ou mesmo revender como material usado.<\/p>\n<p style=\"text-align: justify;\">Diante do noticiado os policiais iniciaram dilig\u00eancias visando a recupera\u00e7\u00e3o dos objetos furtados e a identifica\u00e7\u00e3o do autor. Durante os trabalhos investigativos, a Pol\u00edcia Civil recebeu novo contato da v\u00edtima, informando que ele tinha localizado as janelas subtra\u00eddas em poder de um homem, e que tal pessoa reside nas proximidades da obra furtada. De imediato, os policiais civis rumaram para local e realizaram sua pris\u00e3o.<\/p>\n<p style=\"text-align: justify;\">Os objetos foram apreendidos, e ap\u00f3s serem avaliados, restitu\u00eddos a v\u00edtima. O acusado foi apresentado no Plant\u00e3o Policial Permanente, onde foi ratificada a voz de pris\u00e3o em flagrante.<\/p>\n<p style=\"text-align: justify;\">Ao ser ouvido em termo de interrogat\u00f3rio, o acusado alegou que no final da tarde de quarta-feira (2), passou por um terreno baldio que fica aos fundos da obra e viu as duas janelas, uma estava meio do terreno e a outra encostada no muro da constru\u00e7\u00e3o, e como ele recolhe reciclados para vender, resolveu se apropriar das janelas at\u00e9 sua casa, que se situa a aproximadamente dois quarteir\u00f5es da obra. E ele que as venderiam, por cerca de R$ 20 ou 30 reais, cada uma.<\/p>\n<p style=\"text-align: justify;\">Foi arbitrada fian\u00e7a criminal no valor de um sal\u00e1rio m\u00ednimo, que n\u00e3o foi recolhida pelo autuado, raz\u00e3o pelo qual permaneceu preso \u00e0 disposi\u00e7\u00e3o da Justi\u00e7a. O homem j\u00e1 possui antecedentes criminais pelos crimes furto, posse de droga e tr\u00e1fico de droga.<\/p>\n<p style=\"text-align: justify;\">A Pol\u00edcia Civil ainda tamb\u00e9m identificou o nome de um poss\u00edvel receptador, que ser\u00e1 investigado no decorrer do inqu\u00e9rito policial.<\/p>\n<p><img loading=\"lazy\" decoding=\"async\" class=\"alignnone size-full wp-image-60381\" src=\"https:\/\/jorgezanoni.com.br\/2019\/wp-content\/uploads\/2022\/03\/jussara.jpg\" alt=\"\" width=\"1079\" height=\"591\" srcset=\"https:\/\/jorgezanoni.com.br\/2019\/wp-content\/uploads\/2022\/03\/jussara.jpg 1079w, https:\/\/jorgezanoni.com.br\/2019\/wp-content\/uploads\/2022\/03\/jussara-300x164.jpg 300w, https:\/\/jorgezanoni.com.br\/2019\/wp-content\/uploads\/2022\/03\/jussara-1024x561.jpg 1024w, https:\/\/jorgezanoni.com.br\/2019\/wp-content\/uploads\/2022\/03\/jussara-768x421.jpg 768w, https:\/\/jorgezanoni.com.br\/2019\/wp-content\/uploads\/2022\/03\/jussara-696x381.jpg 696w, https:\/\/jorgezanoni.com.br\/2019\/wp-content\/uploads\/2022\/03\/jussara-1068x585.jpg 1068w, https:\/\/jorgezanoni.com.br\/2019\/wp-content\/uploads\/2022\/03\/jussara-767x420.jpg 767w\" sizes=\"auto, (max-width: 1079px) 100vw, 1079px\" \/><\/p>\n<p style=\"text-align: justify;\">Fonte: Com. Social Pol\u00edcia Civil<\/p>\n","protected":false},"excerpt":{"rendered":"<p>POL\u00cdCIA CIVIL PRENDE EM FLAGRANTE HOMEM SUSPEITO DE FURTAR OBJETOS DE UM IM\u00d3VEL EM OBRAS NO MUNIC\u00cdPIO DE DRACENA. Duas janelas, tipo venezianas, na cor azul, foram recuperadas e apreendidas em poder do homem preso. O furto ocorreu em uma casa que est\u00e1 em reforma, localizada no bairro Jussara, em Dracena. A Pol\u00edcia Civil, por [&hellip;]<\/p>\n","protected":false},"author":1,"featured_media":60382,"comment_status":"closed","ping_status":"open","sticky":false,"template":"","format":"standard","meta":{"footnotes":""},"categories":[110,2],"tags":[],"class_list":["post-60380","post","type-post","status-publish","format-standard","has-post-thumbnail","hentry","category-noticiasdestaque","category-policial"],"_links":{"self":[{"href":"https:\/\/jorgezanoni.com.br\/2019\/wp-json\/wp\/v2\/posts\/60380","targetHints":{"allow":["GET"]}}],"collection":[{"href":"https:\/\/jorgezanoni.com.br\/2019\/wp-json\/wp\/v2\/posts"}],"about":[{"href":"https:\/\/jorgezanoni.com.br\/2019\/wp-json\/wp\/v2\/types\/post"}],"author":[{"embeddable":true,"href":"https:\/\/jorgezanoni.com.br\/2019\/wp-json\/wp\/v2\/users\/1"}],"replies":[{"embeddable":true,"href":"https:\/\/jorgezanoni.com.br\/2019\/wp-json\/wp\/v2\/comments?post=60380"}],"version-history":[{"count":0,"href":"https:\/\/jorgezanoni.com.br\/2019\/wp-json\/wp\/v2\/posts\/60380\/revisions"}],"wp:featuredmedia":[{"embeddable":true,"href":"https:\/\/jorgezanoni.com.br\/2019\/wp-json\/wp\/v2\/media\/60382"}],"wp:attachment":[{"href":"https:\/\/jorgezanoni.com.br\/2019\/wp-json\/wp\/v2\/media?parent=60380"}],"wp:term":[{"taxonomy":"category","embeddable":true,"href":"https:\/\/jorgezanoni.com.br\/2019\/wp-json\/wp\/v2\/categories?post=60380"},{"taxonomy":"post_tag","embeddable":true,"href":"https:\/\/jorgezanoni.com.br\/2019\/wp-json\/wp\/v2\/tags?post=60380"}],"curies":[{"name":"wp","href":"https:\/\/api.w.org\/{rel}","templated":true}]}}