{"id":60377,"date":"2022-03-03T12:18:59","date_gmt":"2022-03-03T12:18:59","guid":{"rendered":"https:\/\/jorgezanoni.com.br\/2019\/?p=60377"},"modified":"2022-03-03T12:18:59","modified_gmt":"2022-03-03T12:18:59","slug":"homem-morre-apos-ser-atropelado-por-moto-e-condutor-do-veiculo-e-socorrido-com-ferimentos-graves","status":"publish","type":"post","link":"https:\/\/jorgezanoni.com.br\/2019\/homem-morre-apos-ser-atropelado-por-moto-e-condutor-do-veiculo-e-socorrido-com-ferimentos-graves\/","title":{"rendered":"Homem morre ap\u00f3s ser atropelado por moto e condutor do ve\u00edculo \u00e9 socorrido com ferimentos graves"},"content":{"rendered":"<h2 class=\"content-head__subtitle\" style=\"text-align: justify;\"><strong>Acidente foi na Rodovia Comandante Jo\u00e3o Ribeiro de Barros (SP-294), km 583, em Luc\u00e9lia (SP), na noite desta quarta-feira (2). V\u00edtima fatal ainda n\u00e3o foi identificada.<\/strong><\/h2>\n<div class=\"mc-column content-text active-extra-styles \" data-block-type=\"unstyled\" data-block-weight=\"35\" data-block-id=\"2\">\n<p class=\"content-text__container \" style=\"text-align: justify;\" data-track-category=\"Link no Texto\" data-track-links=\"\">Um homem morreu ap\u00f3s ser atropelado por uma motocicleta na Rodovia Comandante Jo\u00e3o Ribeiro de Barros (SP-294), km 583, em\u00a0<a href=\"https:\/\/g1.globo.com\/sp\/presidente-prudente-regiao\/cidade\/lucelia\/\">Luc\u00e9lia<\/a>\u00a0(SP), na noite desta quarta-feira (2). O condutor do ve\u00edculo tamb\u00e9m ficou gravemente ferido.<\/p>\n<\/div>\n<div class=\"wall protected-content\">\n<div class=\"mc-column content-text active-extra-styles \" style=\"text-align: justify;\" data-block-type=\"unstyled\" data-block-weight=\"24\" data-block-id=\"3\">\n<p class=\"content-text__container \" data-track-category=\"Link no Texto\" data-track-links=\"\">A batida foi por volta das 23h30. Conforme a Pol\u00edcia Militar Rodovi\u00e1ria, a moto, com placas de\u00a0<a href=\"https:\/\/g1.globo.com\/sp\/presidente-prudente-regiao\/cidade\/lucelia\/\">Luc\u00e9lia<\/a>, transitava sentido In\u00fabia Paulista a Adamantina.<\/p>\n<\/div>\n<div class=\"mc-column content-text active-extra-styles \" style=\"text-align: justify;\" data-block-type=\"unstyled\" data-block-weight=\"19\" data-block-id=\"4\">\n<p class=\"content-text__container \" data-track-category=\"Link no Texto\" data-track-links=\"\">Ainda segundo a corpora\u00e7\u00e3o, o pedestre estava na pista e andando no mesmo sentido quando foi atingido pelo ve\u00edculo.<\/p>\n<\/div>\n<div class=\"mc-column content-text active-extra-styles \" style=\"text-align: justify;\" data-block-type=\"unstyled\" data-block-weight=\"26\" data-block-id=\"5\">\n<p class=\"content-text__container \" data-track-category=\"Link no Texto\" data-track-links=\"\">A pol\u00edcia afirmou que o homem tinha aproximadamente 55 anos, 1,70m de altura, cabelos grisalhos e usava bermuda jeans e camiseta cinza. Ele n\u00e3o foi identificado.<\/p>\n<\/div>\n<div class=\"content-ads content-ads--reveal\" data-block-type=\"ads\" data-block-id=\"6\">\n<div id=\"banner_materia2\" class=\"tag-manager-publicidade-container mc-has-reveal mc-has-ad-lazyload tag-manager-publicidade-banner_materia2 tag-manager-publicidade-container--carregado tag-manager-publicidade-container--visivel\" data-id=\"banner_materia2\" data-req=\"true\" data-google-query-id=\"CK2O8u31qfYCFak2uQYd3vIIYA\" data-cid=\"138296393630\" data-lid=\"5238130693\">\n<div class=\"mc-column content-text active-extra-styles \" style=\"text-align: justify;\" data-block-type=\"unstyled\" data-block-weight=\"25\" data-block-id=\"7\">\n<p class=\"content-text__container \" data-track-category=\"Link no Texto\" data-track-links=\"\">\u00e1 a moto era conduzida por um homem, de 49 anos, que teve ferimentos graves. Os dois foram socorridos e levados ao pronto-socorro de\u00a0<a href=\"https:\/\/g1.globo.com\/sp\/presidente-prudente-regiao\/cidade\/lucelia\/\">Luc\u00e9lia<\/a>.<\/p>\n<\/div>\n<div class=\"mc-column content-text active-extra-styles \" style=\"text-align: justify;\" data-block-type=\"unstyled\" data-block-weight=\"7\" data-block-id=\"8\">\n<p class=\"content-text__container \" data-track-category=\"Link no Texto\" data-track-links=\"\">O tr\u00e2nsito n\u00e3o sofreu consequ\u00eancias no local.<\/p>\n<\/div>\n<div class=\"mc-column content-text active-extra-styles \" style=\"text-align: justify;\" data-block-type=\"unstyled\" data-block-weight=\"11\" data-block-id=\"9\">\n<p class=\"content-text__container \" data-track-category=\"Link no Texto\" data-track-links=\"\">A per\u00edcia foi acionada e deve apontar as causas do acidente.<\/p>\n<\/div>\n<div class=\"mc-column content-text active-extra-styles \" data-block-type=\"unstyled\" data-block-weight=\"11\" data-block-id=\"10\">\n<p class=\"content-text__container \" style=\"text-align: justify;\" data-track-category=\"Link no Texto\" data-track-links=\"\">O atendimento tamb\u00e9m contou com apoio e sinaliza\u00e7\u00e3o da Concession\u00e1ria Eixo-SP.<\/p>\n<\/div>\n<div class=\"row medium-uncollapsed content-media content-photo\" data-block-type=\"backstage-photo\" data-block-id=\"11\">\n<div class=\"mc-column content-media__container\">\n<div class=\"content-media-container glb-skeleton-box\">\n<figure class=\"content-media-figure\"><img decoding=\"async\" class=\"i-amphtml-fill-content i-amphtml-replaced-content\" src=\"https:\/\/s2.glbimg.com\/_AbLZ70NXK-SqwcbvPdOY2Idicw=\/0x0:1600x1200\/984x0\/smart\/filters:strip_icc()\/i.s3.glbimg.com\/v1\/AUTH_59edd422c0c84a879bd37670ae4f538a\/internal_photos\/bs\/2022\/5\/z\/dtP4mISbWiJAktrBwDKQ\/whatsapp-image-2022-03-03-at-04.00.21-1-.jpg\" sizes=\"(max-width: 1366px) 648px, 100vw\" srcset=\"https:\/\/s2.glbimg.com\/DzWND5gmJKyQvJ5YISqCXqCH-8g=\/0x0:1600x1200\/1000x0\/smart\/filters:strip_icc()\/i.s3.glbimg.com\/v1\/AUTH_59edd422c0c84a879bd37670ae4f538a\/internal_photos\/bs\/2022\/5\/z\/dtP4mISbWiJAktrBwDKQ\/whatsapp-image-2022-03-03-at-04.00.21-1-.jpg 1000w, https:\/\/s2.glbimg.com\/_AbLZ70NXK-SqwcbvPdOY2Idicw=\/0x0:1600x1200\/984x0\/smart\/filters:strip_icc()\/i.s3.glbimg.com\/v1\/AUTH_59edd422c0c84a879bd37670ae4f538a\/internal_photos\/bs\/2022\/5\/z\/dtP4mISbWiJAktrBwDKQ\/whatsapp-image-2022-03-03-at-04.00.21-1-.jpg 984w, https:\/\/s2.glbimg.com\/-V5IBL4qriRXKm7NR9VdwgwQwMU=\/0x0:1600x1200\/640x0\/smart\/filters:strip_icc()\/i.s3.glbimg.com\/v1\/AUTH_59edd422c0c84a879bd37670ae4f538a\/internal_photos\/bs\/2022\/5\/z\/dtP4mISbWiJAktrBwDKQ\/whatsapp-image-2022-03-03-at-04.00.21-1-.jpg 640w, https:\/\/s2.glbimg.com\/cKiJ6DXQ7j5uMmA9XQpezfMa8gI=\/0x0:1600x1200\/600x0\/smart\/filters:strip_icc()\/i.s3.glbimg.com\/v1\/AUTH_59edd422c0c84a879bd37670ae4f538a\/internal_photos\/bs\/2022\/5\/z\/dtP4mISbWiJAktrBwDKQ\/whatsapp-image-2022-03-03-at-04.00.21-1-.jpg 600w\" alt=\"Homem morreu ap\u00f3s ser atropelado por moto em Luc\u00e9lia \u2014 Foto: Pol\u00edcia Rodovi\u00e1ria\" \/><\/figure>\n<\/div>\n<p class=\"content-media__description \">Homem morreu ap\u00f3s ser atropelado por moto em Luc\u00e9lia \u2014 Foto: Pol\u00edcia Rodovi\u00e1ria<\/p>\n<p>Fonte: PMR e G1<\/p>\n<\/div>\n<\/div>\n<\/div>\n<\/div>\n<\/div>\n","protected":false},"excerpt":{"rendered":"<p>Acidente foi na Rodovia Comandante Jo\u00e3o Ribeiro de Barros (SP-294), km 583, em Luc\u00e9lia (SP), na noite desta quarta-feira (2). V\u00edtima fatal ainda n\u00e3o foi identificada. Um homem morreu ap\u00f3s ser atropelado por uma motocicleta na Rodovia Comandante Jo\u00e3o Ribeiro de Barros (SP-294), km 583, em\u00a0Luc\u00e9lia\u00a0(SP), na noite desta quarta-feira (2). O condutor do ve\u00edculo [&hellip;]<\/p>\n","protected":false},"author":1,"featured_media":60378,"comment_status":"closed","ping_status":"open","sticky":false,"template":"","format":"standard","meta":{"footnotes":""},"categories":[170,110],"tags":[],"class_list":["post-60377","post","type-post","status-publish","format-standard","has-post-thumbnail","hentry","category-acidentes","category-noticiasdestaque"],"_links":{"self":[{"href":"https:\/\/jorgezanoni.com.br\/2019\/wp-json\/wp\/v2\/posts\/60377","targetHints":{"allow":["GET"]}}],"collection":[{"href":"https:\/\/jorgezanoni.com.br\/2019\/wp-json\/wp\/v2\/posts"}],"about":[{"href":"https:\/\/jorgezanoni.com.br\/2019\/wp-json\/wp\/v2\/types\/post"}],"author":[{"embeddable":true,"href":"https:\/\/jorgezanoni.com.br\/2019\/wp-json\/wp\/v2\/users\/1"}],"replies":[{"embeddable":true,"href":"https:\/\/jorgezanoni.com.br\/2019\/wp-json\/wp\/v2\/comments?post=60377"}],"version-history":[{"count":0,"href":"https:\/\/jorgezanoni.com.br\/2019\/wp-json\/wp\/v2\/posts\/60377\/revisions"}],"wp:featuredmedia":[{"embeddable":true,"href":"https:\/\/jorgezanoni.com.br\/2019\/wp-json\/wp\/v2\/media\/60378"}],"wp:attachment":[{"href":"https:\/\/jorgezanoni.com.br\/2019\/wp-json\/wp\/v2\/media?parent=60377"}],"wp:term":[{"taxonomy":"category","embeddable":true,"href":"https:\/\/jorgezanoni.com.br\/2019\/wp-json\/wp\/v2\/categories?post=60377"},{"taxonomy":"post_tag","embeddable":true,"href":"https:\/\/jorgezanoni.com.br\/2019\/wp-json\/wp\/v2\/tags?post=60377"}],"curies":[{"name":"wp","href":"https:\/\/api.w.org\/{rel}","templated":true}]}}