{"id":60357,"date":"2022-03-02T13:48:02","date_gmt":"2022-03-02T13:48:02","guid":{"rendered":"https:\/\/jorgezanoni.com.br\/2019\/?p=60357"},"modified":"2022-03-02T13:48:02","modified_gmt":"2022-03-02T13:48:02","slug":"batida-entre-carro-e-caminhao-mata-homem-e-adolescente-e-deixa-duas-pessoas-gravemente-feridas","status":"publish","type":"post","link":"https:\/\/jorgezanoni.com.br\/2019\/batida-entre-carro-e-caminhao-mata-homem-e-adolescente-e-deixa-duas-pessoas-gravemente-feridas\/","title":{"rendered":"Batida entre carro e caminh\u00e3o mata homem e adolescente e deixa duas pessoas gravemente feridas"},"content":{"rendered":"<h2 class=\"content-head__subtitle\" style=\"text-align: justify;\"><strong>Acidente foi na Rodovia Brigadeiro Eduardo Gomes (SP-457), km 59,8, em Rancharia (SP), nesta ter\u00e7a-feira (1\u00ba).<\/strong><\/h2>\n<div class=\"mc-column content-text active-extra-styles \" style=\"text-align: justify;\" data-block-type=\"unstyled\" data-block-weight=\"32\" data-block-id=\"2\">\n<p class=\"content-text__container \" data-track-category=\"Link no Texto\" data-track-links=\"\">Duas pessoas morreram e outras duas ficaram gravemente feridas ap\u00f3s uma batida entre um carro e um caminh\u00e3o na Rodovia Brigadeiro Eduardo Gomes (SP-457), km 59,8, em\u00a0<a href=\"https:\/\/g1.globo.com\/sp\/presidente-prudente-regiao\/cidade\/rancharia\/\">Rancharia<\/a>\u00a0(SP), nesta ter\u00e7a-feira (1\u00ba).<\/p>\n<\/div>\n<div class=\"wall protected-content\">\n<div class=\"mc-column content-text active-extra-styles \" style=\"text-align: justify;\" data-block-type=\"unstyled\" data-block-weight=\"47\" data-block-id=\"3\">\n<p class=\"content-text__container \" data-track-category=\"Link no Texto\" data-track-links=\"\">O acidente de tr\u00e2nsito foi por volta das 19h10. Segundo a Pol\u00edcia Rodovi\u00e1ria, o caminh\u00e3o com placas de Orleans (SC) seguia pela rodovia sentido Bastos a Iep\u00ea. Por motivos a serem esclarecidos, o carro, de\u00a0<a href=\"https:\/\/g1.globo.com\/sp\/presidente-prudente-regiao\/cidade\/rancharia\/\">Rancharia<\/a>\u00a0(SP), entrou na frente do caminh\u00e3o ao tentar cruzar o trevo.<\/p>\n<\/div>\n<div class=\"mc-column content-text active-extra-styles \" data-block-type=\"unstyled\" data-block-weight=\"52\" data-block-id=\"4\">\n<p class=\"content-text__container \" style=\"text-align: justify;\" data-track-category=\"Link no Texto\" data-track-links=\"\">Ainda de acordo com a corpora\u00e7\u00e3o, as v\u00edtimas fatais s\u00e3o o motorista, de 53 anos, e um adolescente, de 16 anos. As duas v\u00edtimas graves s\u00e3o um homem, de 24 anos, e um jovem, de 15 anos. Todos eram ocupantes do carro e foram socorridos para o Hospital e Maternidade de\u00a0<a href=\"https:\/\/g1.globo.com\/sp\/presidente-prudente-regiao\/cidade\/rancharia\/\">Rancharia<\/a>.<\/p>\n<div class=\"mc-column content-text active-extra-styles \" style=\"text-align: justify;\" data-block-type=\"unstyled\" data-block-weight=\"11\" data-block-id=\"6\">\n<p class=\"content-text__container \" data-track-category=\"Link no Texto\" data-track-links=\"\">A pol\u00edcia informou que o tr\u00e2nsito no local n\u00e3o sofreu consequ\u00eancias.<\/p>\n<\/div>\n<div class=\"mc-column content-text active-extra-styles \" style=\"text-align: justify;\" data-block-type=\"unstyled\" data-block-weight=\"11\" data-block-id=\"7\">\n<p class=\"content-text__container \" data-track-category=\"Link no Texto\" data-track-links=\"\">A per\u00edcia foi acionada e deve apontar as causas da batida.<\/p>\n<\/div>\n<div class=\"mc-column content-text active-extra-styles \" style=\"text-align: justify;\" data-block-type=\"unstyled\" data-block-weight=\"17\" data-block-id=\"8\">\n<p class=\"content-text__container \" data-track-category=\"Link no Texto\" data-track-links=\"\">O atendimento contou com o apoio e sinaliza\u00e7\u00e3o da equipe do Departamento de Estradas de Rodagem (DER).<\/p>\n<\/div>\n<div class=\"row medium-uncollapsed content-media content-photo\" data-block-type=\"backstage-photo\" data-block-id=\"9\">\n<div class=\"mc-column content-media__container\">\n<div class=\"content-media-container glb-skeleton-box\" style=\"text-align: justify;\">\n<figure class=\"content-media-figure\"><img decoding=\"async\" class=\"i-amphtml-fill-content i-amphtml-replaced-content\" src=\"https:\/\/s2.glbimg.com\/pjIXSXfauHkuhjuLFA1kt-52zDA=\/0x0:1280x720\/984x0\/smart\/filters:strip_icc()\/i.s3.glbimg.com\/v1\/AUTH_59edd422c0c84a879bd37670ae4f538a\/internal_photos\/bs\/2022\/M\/o\/dQQ3y2Qi27EEwA5cJ2Kg\/whatsapp-image-2022-03-02-at-01.36.21.jpg\" sizes=\"(max-width: 1366px) 648px, 100vw\" srcset=\"https:\/\/s2.glbimg.com\/V7xfgAPaNi_0pIJb87mDPaQ-ldQ=\/0x0:1280x720\/1000x0\/smart\/filters:strip_icc()\/i.s3.glbimg.com\/v1\/AUTH_59edd422c0c84a879bd37670ae4f538a\/internal_photos\/bs\/2022\/M\/o\/dQQ3y2Qi27EEwA5cJ2Kg\/whatsapp-image-2022-03-02-at-01.36.21.jpg 1000w, https:\/\/s2.glbimg.com\/pjIXSXfauHkuhjuLFA1kt-52zDA=\/0x0:1280x720\/984x0\/smart\/filters:strip_icc()\/i.s3.glbimg.com\/v1\/AUTH_59edd422c0c84a879bd37670ae4f538a\/internal_photos\/bs\/2022\/M\/o\/dQQ3y2Qi27EEwA5cJ2Kg\/whatsapp-image-2022-03-02-at-01.36.21.jpg 984w, https:\/\/s2.glbimg.com\/ircgF2DU7OKjeZRfGBKYmAKdA7M=\/0x0:1280x720\/640x0\/smart\/filters:strip_icc()\/i.s3.glbimg.com\/v1\/AUTH_59edd422c0c84a879bd37670ae4f538a\/internal_photos\/bs\/2022\/M\/o\/dQQ3y2Qi27EEwA5cJ2Kg\/whatsapp-image-2022-03-02-at-01.36.21.jpg 640w, https:\/\/s2.glbimg.com\/zdbGIKyzuZfva22gp7iWYHpOUnY=\/0x0:1280x720\/600x0\/smart\/filters:strip_icc()\/i.s3.glbimg.com\/v1\/AUTH_59edd422c0c84a879bd37670ae4f538a\/internal_photos\/bs\/2022\/M\/o\/dQQ3y2Qi27EEwA5cJ2Kg\/whatsapp-image-2022-03-02-at-01.36.21.jpg 600w\" alt=\"Batida entre carro e caminh\u00e3o matou homem e adolescente e deixou duas pessoas gravemente feridas \u2014 Foto: Pol\u00edcia Rodovi\u00e1ria\" \/><\/figure>\n<\/div>\n<p class=\"content-media__description \" style=\"text-align: justify;\">Batida entre carro e caminh\u00e3o matou homem e adolescente e deixou duas pessoas gravemente feridas \u2014 Foto: Pol\u00edcia Rodovi\u00e1ria<\/p>\n<p style=\"text-align: justify;\">Fonte: G1 e PMR<\/p>\n<\/div>\n<\/div>\n<\/div>\n<\/div>\n","protected":false},"excerpt":{"rendered":"<p>Acidente foi na Rodovia Brigadeiro Eduardo Gomes (SP-457), km 59,8, em Rancharia (SP), nesta ter\u00e7a-feira (1\u00ba). Duas pessoas morreram e outras duas ficaram gravemente feridas ap\u00f3s uma batida entre um carro e um caminh\u00e3o na Rodovia Brigadeiro Eduardo Gomes (SP-457), km 59,8, em\u00a0Rancharia\u00a0(SP), nesta ter\u00e7a-feira (1\u00ba). O acidente de tr\u00e2nsito foi por volta das 19h10. [&hellip;]<\/p>\n","protected":false},"author":1,"featured_media":60358,"comment_status":"closed","ping_status":"open","sticky":false,"template":"","format":"standard","meta":{"footnotes":""},"categories":[170,110],"tags":[],"class_list":["post-60357","post","type-post","status-publish","format-standard","has-post-thumbnail","hentry","category-acidentes","category-noticiasdestaque"],"_links":{"self":[{"href":"https:\/\/jorgezanoni.com.br\/2019\/wp-json\/wp\/v2\/posts\/60357","targetHints":{"allow":["GET"]}}],"collection":[{"href":"https:\/\/jorgezanoni.com.br\/2019\/wp-json\/wp\/v2\/posts"}],"about":[{"href":"https:\/\/jorgezanoni.com.br\/2019\/wp-json\/wp\/v2\/types\/post"}],"author":[{"embeddable":true,"href":"https:\/\/jorgezanoni.com.br\/2019\/wp-json\/wp\/v2\/users\/1"}],"replies":[{"embeddable":true,"href":"https:\/\/jorgezanoni.com.br\/2019\/wp-json\/wp\/v2\/comments?post=60357"}],"version-history":[{"count":0,"href":"https:\/\/jorgezanoni.com.br\/2019\/wp-json\/wp\/v2\/posts\/60357\/revisions"}],"wp:featuredmedia":[{"embeddable":true,"href":"https:\/\/jorgezanoni.com.br\/2019\/wp-json\/wp\/v2\/media\/60358"}],"wp:attachment":[{"href":"https:\/\/jorgezanoni.com.br\/2019\/wp-json\/wp\/v2\/media?parent=60357"}],"wp:term":[{"taxonomy":"category","embeddable":true,"href":"https:\/\/jorgezanoni.com.br\/2019\/wp-json\/wp\/v2\/categories?post=60357"},{"taxonomy":"post_tag","embeddable":true,"href":"https:\/\/jorgezanoni.com.br\/2019\/wp-json\/wp\/v2\/tags?post=60357"}],"curies":[{"name":"wp","href":"https:\/\/api.w.org\/{rel}","templated":true}]}}