{"id":60348,"date":"2022-03-02T13:22:51","date_gmt":"2022-03-02T13:22:51","guid":{"rendered":"https:\/\/jorgezanoni.com.br\/2019\/?p=60348"},"modified":"2022-03-02T13:22:51","modified_gmt":"2022-03-02T13:22:51","slug":"moradores-de-junqueiropolis-ficam-feridos-em-acidente-em-bataypora","status":"publish","type":"post","link":"https:\/\/jorgezanoni.com.br\/2019\/moradores-de-junqueiropolis-ficam-feridos-em-acidente-em-bataypora\/","title":{"rendered":"Moradores de Junqueir\u00f3polis ficam feridos em acidente em Bataypor\u00e3\/MS"},"content":{"rendered":"<p style=\"text-align: justify;\">Na madrugada desta quarta-feira(02) por volta das 4h30min da manh\u00e3 o motorista de um veiculo VW Gol \u00a0com placas de Belo Horizonte\/MG perdeu e controle da dire\u00e7\u00e3o e capotou o veiculo na MS-276 pr\u00f3ximo ao Posto Tigr\u00e3o na cidade de Bataypor\u00e3\/MS.<\/p>\n<p style=\"text-align: justify;\">Segundo informa\u00e7\u00f5es o veiculo saiu da pista e veio a capotar, na rodovia MS &#8211; 276 KM 05 a aproximadamente 1 KM do Posto Tigr\u00e3o II sentindo Anauril\u00e2ndia. A equipe dos bombeiros militar em Nova Andradina foi acionada para socorrer as duas vitimas que estavam no veiculo, as v\u00edtimas do sexo masculino estavam est\u00e1veis, passageiro com suspeita de fratura membro superior direito. Eles S\u00e3o\u00a0 moradores de Junqueir\u00f3polis\/SP e estavam indo para a cidade de Ang\u00e9lica\/MS onde iriam prestar servi\u00e7os para a usina Adecoagro.<\/p>\n<p style=\"text-align: justify;\">As vitimas foram\u00a0 socorridas e encaminhadas ao H.R\u00a0 em Nova Andradina para cuidados m\u00e9dicos.<\/p>\n<p style=\"text-align: justify;\">O veiculo teve danos de grande monta.<\/p>\n<div class=\"box_image text-center d-block wp-block-image mt-10 mb-10 mgb10\" style=\"text-align: justify;\"><a href=\"https:\/\/ultrajando.com.br\/userfiles\/uploads\/imagens\/materias\/2022\/03\/original\/f68c4a5fbcaf0c6659ce30405508c39d_1.jpeg\" data-fancybox=\"\" data-caption=\"Bataypor\u00e3 -Veiculo capota na MS-276 e deixa duas pessoas com ferimentos.\"><img decoding=\"async\" class=\"img-fluid\" src=\"https:\/\/ultrajando.com.br\/userfiles\/uploads\/imagens\/materias\/2022\/03\/original\/f68c4a5fbcaf0c6659ce30405508c39d_1.jpeg\" \/><\/a><\/p>\n<div class=\"\"><\/div>\n<\/div>\n<div class=\"box_image text-center d-block wp-block-image mt-10 mb-10 mgb10\"><a href=\"https:\/\/ultrajando.com.br\/userfiles\/uploads\/imagens\/materias\/2022\/03\/original\/63ab39b143493b832ee4e0a5746306ce_1.jpeg\" data-fancybox=\"\" data-caption=\"Bataypor\u00e3 -Veiculo capota na MS-276 e deixa duas pessoas com ferimentos.\"><img decoding=\"async\" class=\"img-fluid\" src=\"https:\/\/ultrajando.com.br\/userfiles\/uploads\/imagens\/materias\/2022\/03\/original\/63ab39b143493b832ee4e0a5746306ce_1.jpeg\" \/><\/a>Fonte: https:\/\/ultrajando.com.br\/noticia\/<\/div>\n<div>Fotos: CBMMS<\/div>\n","protected":false},"excerpt":{"rendered":"<p>Na madrugada desta quarta-feira(02) por volta das 4h30min da manh\u00e3 o motorista de um veiculo VW Gol \u00a0com placas de Belo Horizonte\/MG perdeu e controle da dire\u00e7\u00e3o e capotou o veiculo na MS-276 pr\u00f3ximo ao Posto Tigr\u00e3o na cidade de Bataypor\u00e3\/MS. Segundo informa\u00e7\u00f5es o veiculo saiu da pista e veio a capotar, na rodovia MS [&hellip;]<\/p>\n","protected":false},"author":1,"featured_media":60349,"comment_status":"closed","ping_status":"open","sticky":false,"template":"","format":"standard","meta":{"footnotes":""},"categories":[170,110],"tags":[],"class_list":["post-60348","post","type-post","status-publish","format-standard","has-post-thumbnail","hentry","category-acidentes","category-noticiasdestaque"],"_links":{"self":[{"href":"https:\/\/jorgezanoni.com.br\/2019\/wp-json\/wp\/v2\/posts\/60348","targetHints":{"allow":["GET"]}}],"collection":[{"href":"https:\/\/jorgezanoni.com.br\/2019\/wp-json\/wp\/v2\/posts"}],"about":[{"href":"https:\/\/jorgezanoni.com.br\/2019\/wp-json\/wp\/v2\/types\/post"}],"author":[{"embeddable":true,"href":"https:\/\/jorgezanoni.com.br\/2019\/wp-json\/wp\/v2\/users\/1"}],"replies":[{"embeddable":true,"href":"https:\/\/jorgezanoni.com.br\/2019\/wp-json\/wp\/v2\/comments?post=60348"}],"version-history":[{"count":0,"href":"https:\/\/jorgezanoni.com.br\/2019\/wp-json\/wp\/v2\/posts\/60348\/revisions"}],"wp:featuredmedia":[{"embeddable":true,"href":"https:\/\/jorgezanoni.com.br\/2019\/wp-json\/wp\/v2\/media\/60349"}],"wp:attachment":[{"href":"https:\/\/jorgezanoni.com.br\/2019\/wp-json\/wp\/v2\/media?parent=60348"}],"wp:term":[{"taxonomy":"category","embeddable":true,"href":"https:\/\/jorgezanoni.com.br\/2019\/wp-json\/wp\/v2\/categories?post=60348"},{"taxonomy":"post_tag","embeddable":true,"href":"https:\/\/jorgezanoni.com.br\/2019\/wp-json\/wp\/v2\/tags?post=60348"}],"curies":[{"name":"wp","href":"https:\/\/api.w.org\/{rel}","templated":true}]}}