{"id":60329,"date":"2022-03-01T13:55:49","date_gmt":"2022-03-01T13:55:49","guid":{"rendered":"https:\/\/jorgezanoni.com.br\/2019\/?p=60329"},"modified":"2022-03-01T13:55:49","modified_gmt":"2022-03-01T13:55:49","slug":"delegado-da-policia-civil-morre-em-acidente-no-interior-de-sp","status":"publish","type":"post","link":"https:\/\/jorgezanoni.com.br\/2019\/delegado-da-policia-civil-morre-em-acidente-no-interior-de-sp\/","title":{"rendered":"Delegado da Pol\u00edcia Civil morre em acidente no interior de SP"},"content":{"rendered":"<h2 class=\"content-head__subtitle\" style=\"text-align: justify;\"><strong>De acordo com o Corpo de Bombeiros, Jairo Garcia Pereira capotou o carro que dirigia em uma vicinal entre B\u00e1lsamo e Mirassol\u00e2ndia. Ele foi socorrido e encaminhado ao pronto-socorro, mas n\u00e3o resistiu.<\/strong><\/h2>\n<div class=\"mc-column content-text active-extra-styles \" style=\"text-align: justify;\" data-block-type=\"unstyled\" data-block-weight=\"24\" data-block-id=\"2\">\n<p class=\"content-text__container \" data-track-category=\"Link no Texto\" data-track-links=\"\">Um delegado da Pol\u00edcia Civil morreu ap\u00f3s capotar o carro em uma vicinal, entre\u00a0<a href=\"https:\/\/g1.globo.com\/sp\/sao-jose-do-rio-preto-aracatuba\/cidade\/balsamo\/\">B\u00e1lsamo<\/a>\u00a0e\u00a0<a href=\"https:\/\/g1.globo.com\/sp\/sao-jose-do-rio-preto-aracatuba\/cidade\/mirassolandia\/\">Mirassol\u00e2ndia<\/a>\u00a0(SP), na tarde desta segunda-feira (28).<\/p>\n<\/div>\n<div class=\"wall protected-content\">\n<div class=\"mc-column content-text active-extra-styles \" style=\"text-align: justify;\" data-block-type=\"unstyled\" data-block-weight=\"21\" data-block-id=\"3\">\n<p class=\"content-text__container \" data-track-category=\"Link no Texto\" data-track-links=\"\">De acordo com o Corpo de Bombeiros de Tanabi (SP), um caminhoneiro viu o ve\u00edculo capotado e acionou a corpora\u00e7\u00e3o.<\/p>\n<\/div>\n<div class=\"mc-column content-text active-extra-styles \" style=\"text-align: justify;\" data-block-type=\"unstyled\" data-block-weight=\"30\" data-block-id=\"4\">\n<p class=\"content-text__container \" data-track-category=\"Link no Texto\" data-track-links=\"\">Jairo Garcia Pereira foi socorrido com m\u00faltiplas fraturas e encaminhado ao pronto-socorro de\u00a0<a href=\"https:\/\/g1.globo.com\/sp\/sao-jose-do-rio-preto-aracatuba\/cidade\/balsamo\/\">B\u00e1lsamo<\/a>, mas n\u00e3o resistiu aos ferimentos e morreu. Ele atuava como delegado em\u00a0<a href=\"https:\/\/g1.globo.com\/sp\/sao-jose-do-rio-preto-aracatuba\/cidade\/balsamo\/\">B\u00e1lsamo<\/a>\u00a0e Mirassol.<\/p>\n<\/div>\n<div class=\"mc-column content-text active-extra-styles \" style=\"text-align: justify;\" data-block-type=\"unstyled\" data-block-weight=\"20\" data-block-id=\"5\">\n<p class=\"content-text__container \" data-track-category=\"Link no Texto\" data-track-links=\"\">Ainda conforme os bombeiros, a Pol\u00edcia Civil foi acionada para realizar exames periciais e investigar as causas do capotamento.<\/p>\n<\/div>\n<div class=\"mc-column content-text active-extra-styles \" data-block-type=\"unstyled\" data-block-weight=\"22\" data-block-id=\"6\">\n<p class=\"content-text__container \" style=\"text-align: justify;\" data-track-category=\"Link no Texto\" data-track-links=\"\">O prefeito de\u00a0<a href=\"https:\/\/g1.globo.com\/sp\/sao-jose-do-rio-preto-aracatuba\/cidade\/balsamo\/\">B\u00e1lsamo<\/a>, Du Louren\u00e7o (MDB), publicou uma nota nas redes sociais lamentando a morte do delegado Jairo Garcia Pereira.<\/p>\n<p style=\"text-align: justify;\" data-track-category=\"Link no Texto\" data-track-links=\"\">\u201cCom muita tristeza que comunico a perda de um grande homem, grande amigo e companheiro. Que Deus te receba de bra\u00e7os abertos, n\u00f3s balsamenses iremos sentir muita sua falta, muito obrigado por tudo. Somos gratos por todo servi\u00e7o prestado por voc\u00ea. Sentimentos a fam\u00edlia. Que Deus conforte todos neste momento de dor.\u201d<\/p>\n<p style=\"text-align: justify;\" data-track-category=\"Link no Texto\" data-track-links=\"\">Fonte: G1<\/p>\n<\/div>\n<\/div>\n","protected":false},"excerpt":{"rendered":"<p>De acordo com o Corpo de Bombeiros, Jairo Garcia Pereira capotou o carro que dirigia em uma vicinal entre B\u00e1lsamo e Mirassol\u00e2ndia. Ele foi socorrido e encaminhado ao pronto-socorro, mas n\u00e3o resistiu. Um delegado da Pol\u00edcia Civil morreu ap\u00f3s capotar o carro em uma vicinal, entre\u00a0B\u00e1lsamo\u00a0e\u00a0Mirassol\u00e2ndia\u00a0(SP), na tarde desta segunda-feira (28). De acordo com o [&hellip;]<\/p>\n","protected":false},"author":1,"featured_media":60330,"comment_status":"closed","ping_status":"open","sticky":false,"template":"","format":"standard","meta":{"footnotes":""},"categories":[170,110],"tags":[],"class_list":["post-60329","post","type-post","status-publish","format-standard","has-post-thumbnail","hentry","category-acidentes","category-noticiasdestaque"],"_links":{"self":[{"href":"https:\/\/jorgezanoni.com.br\/2019\/wp-json\/wp\/v2\/posts\/60329","targetHints":{"allow":["GET"]}}],"collection":[{"href":"https:\/\/jorgezanoni.com.br\/2019\/wp-json\/wp\/v2\/posts"}],"about":[{"href":"https:\/\/jorgezanoni.com.br\/2019\/wp-json\/wp\/v2\/types\/post"}],"author":[{"embeddable":true,"href":"https:\/\/jorgezanoni.com.br\/2019\/wp-json\/wp\/v2\/users\/1"}],"replies":[{"embeddable":true,"href":"https:\/\/jorgezanoni.com.br\/2019\/wp-json\/wp\/v2\/comments?post=60329"}],"version-history":[{"count":0,"href":"https:\/\/jorgezanoni.com.br\/2019\/wp-json\/wp\/v2\/posts\/60329\/revisions"}],"wp:featuredmedia":[{"embeddable":true,"href":"https:\/\/jorgezanoni.com.br\/2019\/wp-json\/wp\/v2\/media\/60330"}],"wp:attachment":[{"href":"https:\/\/jorgezanoni.com.br\/2019\/wp-json\/wp\/v2\/media?parent=60329"}],"wp:term":[{"taxonomy":"category","embeddable":true,"href":"https:\/\/jorgezanoni.com.br\/2019\/wp-json\/wp\/v2\/categories?post=60329"},{"taxonomy":"post_tag","embeddable":true,"href":"https:\/\/jorgezanoni.com.br\/2019\/wp-json\/wp\/v2\/tags?post=60329"}],"curies":[{"name":"wp","href":"https:\/\/api.w.org\/{rel}","templated":true}]}}