{"id":60326,"date":"2022-03-01T13:36:59","date_gmt":"2022-03-01T13:36:59","guid":{"rendered":"https:\/\/jorgezanoni.com.br\/2019\/?p=60326"},"modified":"2022-03-01T13:36:59","modified_gmt":"2022-03-01T13:36:59","slug":"terminal-rodoviario-de-dracena-policia-militar-aborda-e-localiza-celular-extraviado-com-indiciado","status":"publish","type":"post","link":"https:\/\/jorgezanoni.com.br\/2019\/terminal-rodoviario-de-dracena-policia-militar-aborda-e-localiza-celular-extraviado-com-indiciado\/","title":{"rendered":"TERMINAL RODOVI\u00c1RIO DE DRACENA: Pol\u00edcia militar aborda e localiza Celular extraviado com indiciado"},"content":{"rendered":"<p style=\"text-align: justify;\"><strong>POL\u00cdCIA MILITAR EM ABODAGEM LOCALIZA CELULAR EXTRAVIADO COM INDICIADO.<\/strong><\/p>\n<p style=\"text-align: justify;\">No dia 27, por volta das 21h35min a equipe de Comando For\u00e7a Patrulha da Pol\u00edcia Militar em patrulhamento pelo Terminal Rodovi\u00e1rio de Dracena logrou \u00eaxito em abordar o indiciado, j\u00e1 conhecido nos meios policiais, que ao avistar a viatura demonstrou grande nervosismo, submetido a busca pessoal, consigo nada de il\u00edcito foi encontrado, por\u00e9m ao ser pesquisado o IMEI do celular que estava em sua posse, constatou se haver o BOPC de extravio, confeccionado na Delegacia de Ouro Verde.<br \/>\nFoi apreendido o referido aparelho celular no Plant\u00e3o de Pol\u00edcia Judici\u00e1ria, liberando o autor na sequ\u00eancia, sendo confeccionado o BOPC de apropria\u00e7\u00e3o de coisa achada Art.169<br \/>\nIndiv\u00edduo com v\u00e1rias passagens pelos crimes de furto e tr\u00e1fico de entorpecentes entre outros .<\/p>\n<p>Fonte: Com. Social Pol\u00edcia Militar<\/p>\n","protected":false},"excerpt":{"rendered":"<p>POL\u00cdCIA MILITAR EM ABODAGEM LOCALIZA CELULAR EXTRAVIADO COM INDICIADO. No dia 27, por volta das 21h35min a equipe de Comando For\u00e7a Patrulha da Pol\u00edcia Militar em patrulhamento pelo Terminal Rodovi\u00e1rio de Dracena logrou \u00eaxito em abordar o indiciado, j\u00e1 conhecido nos meios policiais, que ao avistar a viatura demonstrou grande nervosismo, submetido a busca pessoal, [&hellip;]<\/p>\n","protected":false},"author":1,"featured_media":60327,"comment_status":"closed","ping_status":"open","sticky":false,"template":"","format":"standard","meta":{"footnotes":""},"categories":[110,2],"tags":[],"class_list":["post-60326","post","type-post","status-publish","format-standard","has-post-thumbnail","hentry","category-noticiasdestaque","category-policial"],"_links":{"self":[{"href":"https:\/\/jorgezanoni.com.br\/2019\/wp-json\/wp\/v2\/posts\/60326","targetHints":{"allow":["GET"]}}],"collection":[{"href":"https:\/\/jorgezanoni.com.br\/2019\/wp-json\/wp\/v2\/posts"}],"about":[{"href":"https:\/\/jorgezanoni.com.br\/2019\/wp-json\/wp\/v2\/types\/post"}],"author":[{"embeddable":true,"href":"https:\/\/jorgezanoni.com.br\/2019\/wp-json\/wp\/v2\/users\/1"}],"replies":[{"embeddable":true,"href":"https:\/\/jorgezanoni.com.br\/2019\/wp-json\/wp\/v2\/comments?post=60326"}],"version-history":[{"count":0,"href":"https:\/\/jorgezanoni.com.br\/2019\/wp-json\/wp\/v2\/posts\/60326\/revisions"}],"wp:featuredmedia":[{"embeddable":true,"href":"https:\/\/jorgezanoni.com.br\/2019\/wp-json\/wp\/v2\/media\/60327"}],"wp:attachment":[{"href":"https:\/\/jorgezanoni.com.br\/2019\/wp-json\/wp\/v2\/media?parent=60326"}],"wp:term":[{"taxonomy":"category","embeddable":true,"href":"https:\/\/jorgezanoni.com.br\/2019\/wp-json\/wp\/v2\/categories?post=60326"},{"taxonomy":"post_tag","embeddable":true,"href":"https:\/\/jorgezanoni.com.br\/2019\/wp-json\/wp\/v2\/tags?post=60326"}],"curies":[{"name":"wp","href":"https:\/\/api.w.org\/{rel}","templated":true}]}}