{"id":60303,"date":"2022-02-28T16:29:51","date_gmt":"2022-02-28T16:29:51","guid":{"rendered":"https:\/\/jorgezanoni.com.br\/2019\/?p=60303"},"modified":"2022-02-28T16:29:51","modified_gmt":"2022-02-28T16:29:51","slug":"queda-de-aeronave-deixa-dois-mortos-vitimas-eram-piloto-e-medico","status":"publish","type":"post","link":"https:\/\/jorgezanoni.com.br\/2019\/queda-de-aeronave-deixa-dois-mortos-vitimas-eram-piloto-e-medico\/","title":{"rendered":"Queda de aeronave deixa dois mortos, v\u00edtimas eram piloto e m\u00e9dico"},"content":{"rendered":"<div class=\"mc-column content-text active-extra-styles \" data-block-type=\"unstyled\" data-block-weight=\"19\" data-block-id=\"2\">\n<p class=\"content-text__container \" style=\"text-align: justify;\" data-track-category=\"Link no Texto\" data-track-links=\"\">Dois homens morreram na queda de uma aeronave de pequeno porte na manh\u00e3 deste domingo (27) em\u00a0Bebedouro\u00a0(SP).<\/p>\n<\/div>\n<div class=\"wall protected-content\">\n<div class=\"mc-column content-text active-extra-styles \" style=\"text-align: justify;\" data-block-type=\"unstyled\" data-block-weight=\"32\" data-block-id=\"3\">\n<p class=\"content-text__container \" data-track-category=\"Link no Texto\" data-track-links=\"\">Segundo as primeiras informa\u00e7\u00f5es do Corpo de Bombeiros, o acidente foi em uma \u00e1rea entre a pista do Aeroporto Municipal Comandante Lu\u00eds Martins de Ara\u00fajo e a Rodovia Brigadeiro Faria Lima (SP-326).<\/p>\n<\/div>\n<div class=\"mc-column content-text active-extra-styles \" style=\"text-align: justify;\" data-block-type=\"unstyled\" data-block-weight=\"20\" data-block-id=\"4\">\n<p class=\"content-text__container \" data-track-category=\"Link no Texto\" data-track-links=\"\">A corpora\u00e7\u00e3o ainda afirmou que a aeronave \u00e9 um monomotor experimental, com capacidade para transportar apenas piloto e passageiro.<\/p>\n<\/div>\n<div class=\"mc-column content-text active-extra-styles \" data-block-type=\"unstyled\" data-block-weight=\"30\" data-block-id=\"5\">\n<p class=\"content-text__container \" style=\"text-align: justify;\" data-track-category=\"Link no Texto\" data-track-links=\"\">Equipes dos Bombeiros est\u00e3o no local. A \u00e1rea da queda foi isolada e os trabalhos foram concentrados em evitar um princ\u00edpio de inc\u00eandio, j\u00e1 que houve vazamento de combust\u00edvel.<\/p>\n<div class=\"mc-column content-text active-extra-styles \" style=\"text-align: justify;\" data-block-type=\"unstyled\" data-block-weight=\"30\" data-block-id=\"7\">\n<p class=\"content-text__container \" data-track-category=\"Link no Texto\" data-track-links=\"\">A reportagem tamb\u00e9m apurou com testemunhas que estavam no Aeroporto no momento do acidente que a aeronave parou para abastecer e, na sequ\u00eancia, tentou decolar de uma cabeceira e abortou.<\/p>\n<\/div>\n<div class=\"mc-column content-text active-extra-styles \" style=\"text-align: justify;\" data-block-type=\"unstyled\" data-block-weight=\"17\" data-block-id=\"8\">\n<p class=\"content-text__container \" data-track-category=\"Link no Texto\" data-track-links=\"\">Depois, o avi\u00e3o tentou decolar de outra, subiu poucos metros, mas o motor parou e ele caiu.<\/p>\n<\/div>\n<div class=\"mc-column content-text active-extra-styles \" data-block-type=\"unstyled\" data-block-weight=\"40\" data-block-id=\"9\">\n<p class=\"content-text__container \" style=\"text-align: justify;\" data-track-category=\"Link no Texto\" data-track-links=\"\">Segundo os Bombeiros, a per\u00edcia cient\u00edfica e a Pol\u00edcia Civil estiveram no local para colher os primeiros dados. Os corpos foram liberados para o Instituto M\u00e9dico Legal (IML) de Barretos (SP). A Aeron\u00e1utica \u00e9 aguardada no local para per\u00edcia t\u00e9cnica.<\/p>\n<p style=\"text-align: justify;\" data-track-category=\"Link no Texto\" data-track-links=\"\">Fonte: G1<\/p>\n<\/div>\n<\/div>\n<\/div>\n","protected":false},"excerpt":{"rendered":"<p>Dois homens morreram na queda de uma aeronave de pequeno porte na manh\u00e3 deste domingo (27) em\u00a0Bebedouro\u00a0(SP). Segundo as primeiras informa\u00e7\u00f5es do Corpo de Bombeiros, o acidente foi em uma \u00e1rea entre a pista do Aeroporto Municipal Comandante Lu\u00eds Martins de Ara\u00fajo e a Rodovia Brigadeiro Faria Lima (SP-326). A corpora\u00e7\u00e3o ainda afirmou que a [&hellip;]<\/p>\n","protected":false},"author":1,"featured_media":60304,"comment_status":"closed","ping_status":"open","sticky":false,"template":"","format":"standard","meta":{"footnotes":""},"categories":[170,110],"tags":[],"class_list":["post-60303","post","type-post","status-publish","format-standard","has-post-thumbnail","hentry","category-acidentes","category-noticiasdestaque"],"_links":{"self":[{"href":"https:\/\/jorgezanoni.com.br\/2019\/wp-json\/wp\/v2\/posts\/60303","targetHints":{"allow":["GET"]}}],"collection":[{"href":"https:\/\/jorgezanoni.com.br\/2019\/wp-json\/wp\/v2\/posts"}],"about":[{"href":"https:\/\/jorgezanoni.com.br\/2019\/wp-json\/wp\/v2\/types\/post"}],"author":[{"embeddable":true,"href":"https:\/\/jorgezanoni.com.br\/2019\/wp-json\/wp\/v2\/users\/1"}],"replies":[{"embeddable":true,"href":"https:\/\/jorgezanoni.com.br\/2019\/wp-json\/wp\/v2\/comments?post=60303"}],"version-history":[{"count":0,"href":"https:\/\/jorgezanoni.com.br\/2019\/wp-json\/wp\/v2\/posts\/60303\/revisions"}],"wp:featuredmedia":[{"embeddable":true,"href":"https:\/\/jorgezanoni.com.br\/2019\/wp-json\/wp\/v2\/media\/60304"}],"wp:attachment":[{"href":"https:\/\/jorgezanoni.com.br\/2019\/wp-json\/wp\/v2\/media?parent=60303"}],"wp:term":[{"taxonomy":"category","embeddable":true,"href":"https:\/\/jorgezanoni.com.br\/2019\/wp-json\/wp\/v2\/categories?post=60303"},{"taxonomy":"post_tag","embeddable":true,"href":"https:\/\/jorgezanoni.com.br\/2019\/wp-json\/wp\/v2\/tags?post=60303"}],"curies":[{"name":"wp","href":"https:\/\/api.w.org\/{rel}","templated":true}]}}