{"id":60240,"date":"2022-02-26T20:50:57","date_gmt":"2022-02-26T20:50:57","guid":{"rendered":"https:\/\/jorgezanoni.com.br\/2019\/?p=60240"},"modified":"2022-02-26T20:50:57","modified_gmt":"2022-02-26T20:50:57","slug":"corpo-de-bombeiros-de-dracena-realiza-campanha-educativa-de-prevencao-de-acidentes-no-carnaval","status":"publish","type":"post","link":"https:\/\/jorgezanoni.com.br\/2019\/corpo-de-bombeiros-de-dracena-realiza-campanha-educativa-de-prevencao-de-acidentes-no-carnaval\/","title":{"rendered":"Corpo de Bombeiros de Dracena realiza Campanha Educativa de Preven\u00e7\u00e3o de Acidentes no Carnaval"},"content":{"rendered":"<p style=\"text-align: justify;\">Na manh\u00e3 deste s\u00e1bado (26) integrantes do Corpo de Bombeiros de Dracena, realizaram Campanha Educativa de Preven\u00e7\u00e3o de Acidentes no Carnaval.<\/p>\n<p style=\"text-align: justify;\">Foram abordados motoristas que transitavam nas imedia\u00e7\u00f5es da Pra\u00e7a Arthur Pagnozzi e crian\u00e7as que participavam de um projeto na Pra\u00e7a Rotary.<\/p>\n<p style=\"text-align: justify;\">Os temas abordados atrav\u00e9s de folhetos explicativos foram: Acidentes Dom\u00e9sticos, Acidentes de Tr\u00e2nsito, Enchentes e Inc\u00eandios.<\/p>\n<p><img loading=\"lazy\" decoding=\"async\" class=\"alignnone size-full wp-image-60241\" src=\"https:\/\/jorgezanoni.com.br\/2019\/wp-content\/uploads\/2022\/02\/IMG_4002-2.jpg\" alt=\"\" width=\"700\" height=\"420\" srcset=\"https:\/\/jorgezanoni.com.br\/2019\/wp-content\/uploads\/2022\/02\/IMG_4002-2.jpg 700w, https:\/\/jorgezanoni.com.br\/2019\/wp-content\/uploads\/2022\/02\/IMG_4002-2-300x180.jpg 300w, https:\/\/jorgezanoni.com.br\/2019\/wp-content\/uploads\/2022\/02\/IMG_4002-2-696x418.jpg 696w\" sizes=\"auto, (max-width: 700px) 100vw, 700px\" \/> <img loading=\"lazy\" decoding=\"async\" class=\"alignnone size-full wp-image-60242\" src=\"https:\/\/jorgezanoni.com.br\/2019\/wp-content\/uploads\/2022\/02\/IMG_4003-2.jpg\" alt=\"\" width=\"700\" height=\"466\" srcset=\"https:\/\/jorgezanoni.com.br\/2019\/wp-content\/uploads\/2022\/02\/IMG_4003-2.jpg 700w, https:\/\/jorgezanoni.com.br\/2019\/wp-content\/uploads\/2022\/02\/IMG_4003-2-300x200.jpg 300w, https:\/\/jorgezanoni.com.br\/2019\/wp-content\/uploads\/2022\/02\/IMG_4003-2-696x463.jpg 696w, https:\/\/jorgezanoni.com.br\/2019\/wp-content\/uploads\/2022\/02\/IMG_4003-2-631x420.jpg 631w\" sizes=\"auto, (max-width: 700px) 100vw, 700px\" \/> <img loading=\"lazy\" decoding=\"async\" class=\"alignnone size-full wp-image-60243\" src=\"https:\/\/jorgezanoni.com.br\/2019\/wp-content\/uploads\/2022\/02\/IMG_4007-2.jpg\" alt=\"\" width=\"700\" height=\"516\" srcset=\"https:\/\/jorgezanoni.com.br\/2019\/wp-content\/uploads\/2022\/02\/IMG_4007-2.jpg 700w, https:\/\/jorgezanoni.com.br\/2019\/wp-content\/uploads\/2022\/02\/IMG_4007-2-300x221.jpg 300w, https:\/\/jorgezanoni.com.br\/2019\/wp-content\/uploads\/2022\/02\/IMG_4007-2-80x60.jpg 80w, https:\/\/jorgezanoni.com.br\/2019\/wp-content\/uploads\/2022\/02\/IMG_4007-2-696x513.jpg 696w, https:\/\/jorgezanoni.com.br\/2019\/wp-content\/uploads\/2022\/02\/IMG_4007-2-570x420.jpg 570w\" sizes=\"auto, (max-width: 700px) 100vw, 700px\" \/><\/p>\n<p style=\"text-align: justify;\">VEJA V\u00cdDEO NO LINK: https:\/\/m.facebook.com\/story.php?story_fbid=330011555585253&amp;id=100001924421003&amp;sfnsn=wiwspmo ONDE O SARGENTO GERSON COMENTA SOBRE O EVENTO.<\/p>\n<p style=\"text-align: justify;\">Jorge Zanoni<\/p>\n","protected":false},"excerpt":{"rendered":"<p>Na manh\u00e3 deste s\u00e1bado (26) integrantes do Corpo de Bombeiros de Dracena, realizaram Campanha Educativa de Preven\u00e7\u00e3o de Acidentes no Carnaval. Foram abordados motoristas que transitavam nas imedia\u00e7\u00f5es da Pra\u00e7a Arthur Pagnozzi e crian\u00e7as que participavam de um projeto na Pra\u00e7a Rotary. Os temas abordados atrav\u00e9s de folhetos explicativos foram: Acidentes Dom\u00e9sticos, Acidentes de Tr\u00e2nsito, [&hellip;]<\/p>\n","protected":false},"author":1,"featured_media":60244,"comment_status":"closed","ping_status":"open","sticky":false,"template":"","format":"standard","meta":{"footnotes":""},"categories":[110,2],"tags":[],"class_list":["post-60240","post","type-post","status-publish","format-standard","has-post-thumbnail","hentry","category-noticiasdestaque","category-policial"],"_links":{"self":[{"href":"https:\/\/jorgezanoni.com.br\/2019\/wp-json\/wp\/v2\/posts\/60240","targetHints":{"allow":["GET"]}}],"collection":[{"href":"https:\/\/jorgezanoni.com.br\/2019\/wp-json\/wp\/v2\/posts"}],"about":[{"href":"https:\/\/jorgezanoni.com.br\/2019\/wp-json\/wp\/v2\/types\/post"}],"author":[{"embeddable":true,"href":"https:\/\/jorgezanoni.com.br\/2019\/wp-json\/wp\/v2\/users\/1"}],"replies":[{"embeddable":true,"href":"https:\/\/jorgezanoni.com.br\/2019\/wp-json\/wp\/v2\/comments?post=60240"}],"version-history":[{"count":0,"href":"https:\/\/jorgezanoni.com.br\/2019\/wp-json\/wp\/v2\/posts\/60240\/revisions"}],"wp:featuredmedia":[{"embeddable":true,"href":"https:\/\/jorgezanoni.com.br\/2019\/wp-json\/wp\/v2\/media\/60244"}],"wp:attachment":[{"href":"https:\/\/jorgezanoni.com.br\/2019\/wp-json\/wp\/v2\/media?parent=60240"}],"wp:term":[{"taxonomy":"category","embeddable":true,"href":"https:\/\/jorgezanoni.com.br\/2019\/wp-json\/wp\/v2\/categories?post=60240"},{"taxonomy":"post_tag","embeddable":true,"href":"https:\/\/jorgezanoni.com.br\/2019\/wp-json\/wp\/v2\/tags?post=60240"}],"curies":[{"name":"wp","href":"https:\/\/api.w.org\/{rel}","templated":true}]}}