{"id":60197,"date":"2022-02-26T01:08:45","date_gmt":"2022-02-26T01:08:45","guid":{"rendered":"https:\/\/jorgezanoni.com.br\/2019\/?p=60197"},"modified":"2022-02-26T01:08:45","modified_gmt":"2022-02-26T01:08:45","slug":"artista-plastica-pinta-tela-de-arara-jade-que-ja-foi-materia-no-site-jz-e-na-tv","status":"publish","type":"post","link":"https:\/\/jorgezanoni.com.br\/2019\/artista-plastica-pinta-tela-de-arara-jade-que-ja-foi-materia-no-site-jz-e-na-tv\/","title":{"rendered":"Artista Pl\u00e1stica pinta tela de Arara Jade que j\u00e1 foi Mat\u00e9ria no Site JZ e na TV"},"content":{"rendered":"<p style=\"text-align: justify;\">A Artista Pl\u00e1stica Cec\u00edlia Ferreira, que \u00e9 propriet\u00e1ria do hotel Terra Nova em Bataguassu-MS, iniciou sua carreira aos 17 anos, mas sua inspira\u00e7\u00e3o come\u00e7ou ainda quando crian\u00e7a, atrav\u00e9s do seu pai (restaurador de pinturas nos museus e pal\u00e1cios em Lisboa-Portugal).<\/p>\n<p style=\"text-align: justify;\">Ela se lembra de qdo crian\u00e7a pintava com seu pai pequenos azulejos. Em suas telas, Cec\u00edlia utiliza as t\u00e9cnicas \u00f3leo sobre tela, espatulado e desenho acad\u00eamico giz de pastel.<\/p>\n<p style=\"text-align: justify;\">Ama os temas que permitem a express\u00e3o da simplicidade e leveza, presentes na natureza.<br \/>\nSeu mais recente trabalho foi uma tela do AraraJade, reproduzida de uma de suas fotos.<\/p>\n<p style=\"text-align: justify;\">Cec\u00edlia \u00e9 formada em Pedagogia e Letras pela USP, fez in\u00fameros cursos em atelieres renomados, participou de v\u00e1rias exposi\u00e7\u00f5es individuais e coletivas.<\/p>\n<p style=\"text-align: justify;\">Premiada com o 1\u00b0 lugar na III Mostra de Arte de Presidente Epit\u00e1cio-SP, medalha de bronze no XIII Interart de Presidente Prudente-SP.<\/p>\n<p style=\"text-align: justify;\">Suas obras s\u00e3o conhecidas em todo o Brasil e outros pa\u00edses, como It\u00e1lia, Portugal, Estados Unidos e Ir\u00e3.<\/p>\n<p style=\"text-align: justify;\"><strong>\u00c9 magn\u00edfico perceber o infinito nos tons das cores e formas, proporcionadas pela natureza criada por Deus (Cec\u00edlia Ferreira)<\/strong><\/p>\n<p style=\"text-align: justify;\">Desejando adquirir uma de suas telas, entre em contato atrav\u00e9s dos telefones (67)3541-2035 e (67)98223-1120<\/p>\n<p style=\"text-align: justify;\">Fonte: (Revista BataMix 2013)<\/p>\n<p><strong>LINK DA MAT\u00c9RIA DO SITE JZ EDITADA EM 22\/06\/2.021\u00a0 \u00a0<\/strong> https:\/\/jorgezanoni.com.br\/2019\/2021\/06\/22\/conheca-a-interessante-historia-da-arara-jade-de-bataguassu-ms\/<\/p>\n<p><img loading=\"lazy\" decoding=\"async\" class=\"alignnone size-full wp-image-60198\" src=\"https:\/\/jorgezanoni.com.br\/2019\/wp-content\/uploads\/2022\/02\/cecilia.jpg\" alt=\"\" width=\"913\" height=\"1280\" srcset=\"https:\/\/jorgezanoni.com.br\/2019\/wp-content\/uploads\/2022\/02\/cecilia.jpg 913w, https:\/\/jorgezanoni.com.br\/2019\/wp-content\/uploads\/2022\/02\/cecilia-214x300.jpg 214w, https:\/\/jorgezanoni.com.br\/2019\/wp-content\/uploads\/2022\/02\/cecilia-730x1024.jpg 730w, https:\/\/jorgezanoni.com.br\/2019\/wp-content\/uploads\/2022\/02\/cecilia-768x1077.jpg 768w, https:\/\/jorgezanoni.com.br\/2019\/wp-content\/uploads\/2022\/02\/cecilia-696x976.jpg 696w, https:\/\/jorgezanoni.com.br\/2019\/wp-content\/uploads\/2022\/02\/cecilia-300x420.jpg 300w\" sizes=\"auto, (max-width: 913px) 100vw, 913px\" \/>Revista BataMix<\/p>\n<p style=\"text-align: justify;\"><img loading=\"lazy\" decoding=\"async\" class=\"alignnone size-full wp-image-60199\" src=\"https:\/\/jorgezanoni.com.br\/2019\/wp-content\/uploads\/2022\/02\/Cecilia1.jpg\" alt=\"\" width=\"700\" height=\"902\" srcset=\"https:\/\/jorgezanoni.com.br\/2019\/wp-content\/uploads\/2022\/02\/Cecilia1.jpg 700w, https:\/\/jorgezanoni.com.br\/2019\/wp-content\/uploads\/2022\/02\/Cecilia1-233x300.jpg 233w, https:\/\/jorgezanoni.com.br\/2019\/wp-content\/uploads\/2022\/02\/Cecilia1-696x897.jpg 696w, https:\/\/jorgezanoni.com.br\/2019\/wp-content\/uploads\/2022\/02\/Cecilia1-326x420.jpg 326w\" sizes=\"auto, (max-width: 700px) 100vw, 700px\" \/>Esse quadro retrata a Rua da Casa da Artista em Portugal, ao fundo o casal, s\u00e3o os pais dela.<\/p>\n<p><img loading=\"lazy\" decoding=\"async\" class=\"alignnone size-full wp-image-60200\" src=\"https:\/\/jorgezanoni.com.br\/2019\/wp-content\/uploads\/2022\/02\/Cecilia2.jpg\" alt=\"\" width=\"500\" height=\"1056\" srcset=\"https:\/\/jorgezanoni.com.br\/2019\/wp-content\/uploads\/2022\/02\/Cecilia2.jpg 500w, https:\/\/jorgezanoni.com.br\/2019\/wp-content\/uploads\/2022\/02\/Cecilia2-142x300.jpg 142w, https:\/\/jorgezanoni.com.br\/2019\/wp-content\/uploads\/2022\/02\/Cecilia2-485x1024.jpg 485w, https:\/\/jorgezanoni.com.br\/2019\/wp-content\/uploads\/2022\/02\/Cecilia2-199x420.jpg 199w\" sizes=\"auto, (max-width: 500px) 100vw, 500px\" \/>&#8220;Camponesa&#8221;, um dos quadros preferidos da Artista<\/p>\n<p><img loading=\"lazy\" decoding=\"async\" class=\"alignnone size-full wp-image-60202\" src=\"https:\/\/jorgezanoni.com.br\/2019\/wp-content\/uploads\/2022\/02\/cecilia5.jpg\" alt=\"\" width=\"700\" height=\"933\" srcset=\"https:\/\/jorgezanoni.com.br\/2019\/wp-content\/uploads\/2022\/02\/cecilia5.jpg 700w, https:\/\/jorgezanoni.com.br\/2019\/wp-content\/uploads\/2022\/02\/cecilia5-225x300.jpg 225w, https:\/\/jorgezanoni.com.br\/2019\/wp-content\/uploads\/2022\/02\/cecilia5-696x928.jpg 696w, https:\/\/jorgezanoni.com.br\/2019\/wp-content\/uploads\/2022\/02\/cecilia5-315x420.jpg 315w\" sizes=\"auto, (max-width: 700px) 100vw, 700px\" \/>A Artista Cec\u00edlia Ferreira e a dona da Arara Jade, Sandra Rocha<\/p>\n<p><img loading=\"lazy\" decoding=\"async\" class=\"alignnone size-full wp-image-60204\" src=\"https:\/\/jorgezanoni.com.br\/2019\/wp-content\/uploads\/2022\/02\/cecilia7.jpg\" alt=\"\" width=\"700\" height=\"933\" srcset=\"https:\/\/jorgezanoni.com.br\/2019\/wp-content\/uploads\/2022\/02\/cecilia7.jpg 700w, https:\/\/jorgezanoni.com.br\/2019\/wp-content\/uploads\/2022\/02\/cecilia7-225x300.jpg 225w, https:\/\/jorgezanoni.com.br\/2019\/wp-content\/uploads\/2022\/02\/cecilia7-696x928.jpg 696w, https:\/\/jorgezanoni.com.br\/2019\/wp-content\/uploads\/2022\/02\/cecilia7-315x420.jpg 315w\" sizes=\"auto, (max-width: 700px) 100vw, 700px\" \/>Cec\u00edlia Ferreira + AraraJade + obra de arte (tela pintada tinta a \u00f3leo).<\/p>\n<p>Colabora\u00e7\u00e3o: Sandra Rocha AraraJade Bataguassu-MS<\/p>\n<p>Jorge Zanoni<\/p>\n","protected":false},"excerpt":{"rendered":"<p>A Artista Pl\u00e1stica Cec\u00edlia Ferreira, que \u00e9 propriet\u00e1ria do hotel Terra Nova em Bataguassu-MS, iniciou sua carreira aos 17 anos, mas sua inspira\u00e7\u00e3o come\u00e7ou ainda quando crian\u00e7a, atrav\u00e9s do seu pai (restaurador de pinturas nos museus e pal\u00e1cios em Lisboa-Portugal). Ela se lembra de qdo crian\u00e7a pintava com seu pai pequenos azulejos. Em suas telas, [&hellip;]<\/p>\n","protected":false},"author":1,"featured_media":60201,"comment_status":"closed","ping_status":"open","sticky":false,"template":"","format":"standard","meta":{"footnotes":""},"categories":[111,110],"tags":[],"class_list":["post-60197","post","type-post","status-publish","format-standard","has-post-thumbnail","hentry","category-esporteecultura","category-noticiasdestaque"],"_links":{"self":[{"href":"https:\/\/jorgezanoni.com.br\/2019\/wp-json\/wp\/v2\/posts\/60197","targetHints":{"allow":["GET"]}}],"collection":[{"href":"https:\/\/jorgezanoni.com.br\/2019\/wp-json\/wp\/v2\/posts"}],"about":[{"href":"https:\/\/jorgezanoni.com.br\/2019\/wp-json\/wp\/v2\/types\/post"}],"author":[{"embeddable":true,"href":"https:\/\/jorgezanoni.com.br\/2019\/wp-json\/wp\/v2\/users\/1"}],"replies":[{"embeddable":true,"href":"https:\/\/jorgezanoni.com.br\/2019\/wp-json\/wp\/v2\/comments?post=60197"}],"version-history":[{"count":0,"href":"https:\/\/jorgezanoni.com.br\/2019\/wp-json\/wp\/v2\/posts\/60197\/revisions"}],"wp:featuredmedia":[{"embeddable":true,"href":"https:\/\/jorgezanoni.com.br\/2019\/wp-json\/wp\/v2\/media\/60201"}],"wp:attachment":[{"href":"https:\/\/jorgezanoni.com.br\/2019\/wp-json\/wp\/v2\/media?parent=60197"}],"wp:term":[{"taxonomy":"category","embeddable":true,"href":"https:\/\/jorgezanoni.com.br\/2019\/wp-json\/wp\/v2\/categories?post=60197"},{"taxonomy":"post_tag","embeddable":true,"href":"https:\/\/jorgezanoni.com.br\/2019\/wp-json\/wp\/v2\/tags?post=60197"}],"curies":[{"name":"wp","href":"https:\/\/api.w.org\/{rel}","templated":true}]}}