{"id":60188,"date":"2022-02-25T23:10:25","date_gmt":"2022-02-25T23:10:25","guid":{"rendered":"https:\/\/jorgezanoni.com.br\/2019\/?p=60188"},"modified":"2022-02-25T23:25:59","modified_gmt":"2022-02-25T23:25:59","slug":"policia-militar-radio-patrulha-de-motos-apreende-adolescente-por-trafico-de-drogas-em-dracena","status":"publish","type":"post","link":"https:\/\/jorgezanoni.com.br\/2019\/policia-militar-radio-patrulha-de-motos-apreende-adolescente-por-trafico-de-drogas-em-dracena\/","title":{"rendered":"Pol\u00edcia Militar R\u00e1dio Patrulha de Motos apreende adolescente por Tr\u00e1fico de Drogas em Dracena"},"content":{"rendered":"<p style=\"text-align: justify;\">POL\u00cdCIA MILITAR EM PATRULHAMENTO COM MOTOS EM DRACENA APREENDE ADOLESCENTE POR ATO INFRACONAL DE TR\u00c1FICO DE DROGAS.<\/p>\n<p style=\"text-align: justify;\">Na data de hoje (25) por volta das 12h59min em patrulhamento pela linha f\u00e9rrea, proximidades do Terminal Rodovi\u00e1rio em Dracena, a equipe de R\u00e1dio Patrulhamento com motos avistou o sindicado (17 anos) que naquele momento vendia a droga a uma mulher, ao perceber a equipe que veio em sua dire\u00e7\u00e3o para abord\u00e1-lo, pegou sua mochila e empreendeu fuga pela rua Ipiranga, e virando na rua Fidelis Paulino de Arruda homiziando-se embaixo de um ve\u00edculo que estava parado no local, mas populares que estavam pela via indicaram o local onde ele estava, percebendo que fora descoberto, novamente empreendeu fuga novamente indo sentido a linha f\u00e9rrea mas foi alcan\u00e7ado pela equipe da Pol\u00edcia Militar e em vistoria nada foi encontrado. Ao retornar at\u00e9 o ve\u00edculo onde havia se escondido, foi localizado embaixo do ve\u00edculo a mochila com seus pertences, uma tesoura e uma sacola de mercado toda cortada para embalar a droga, R$50,00 em notas diversas e em um lixo pr\u00f3ximo encontrado um saco com 12 pedras de crack embaladas em sacola pl\u00e1stica semelhante a encontrada na bolsa do sindicado pronta para serem vendidas. Diante dos fatos foi dada voz de apreens\u00e3o e acionado o Conselho Tutelar, permanecendo o menor a disposi\u00e7\u00e3o da Justi\u00e7a.<\/p>\n<p style=\"text-align: justify;\">#25bpmi<br \/>\n#cpi8<br \/>\n#POLICIAMILITARSP<br \/>\n#AFOR\u00c7AP\u00daBLICADES\u00c3OPAULO<br \/>\nComunica\u00e7\u00e3o Social do 25BPMI e regi\u00e3o<\/p>\n","protected":false},"excerpt":{"rendered":"<p>POL\u00cdCIA MILITAR EM PATRULHAMENTO COM MOTOS EM DRACENA APREENDE ADOLESCENTE POR ATO INFRACONAL DE TR\u00c1FICO DE DROGAS. Na data de hoje (25) por volta das 12h59min em patrulhamento pela linha f\u00e9rrea, proximidades do Terminal Rodovi\u00e1rio em Dracena, a equipe de R\u00e1dio Patrulhamento com motos avistou o sindicado (17 anos) que naquele momento vendia a droga [&hellip;]<\/p>\n","protected":false},"author":1,"featured_media":60189,"comment_status":"closed","ping_status":"open","sticky":false,"template":"","format":"standard","meta":{"footnotes":""},"categories":[110,2],"tags":[],"class_list":["post-60188","post","type-post","status-publish","format-standard","has-post-thumbnail","hentry","category-noticiasdestaque","category-policial"],"_links":{"self":[{"href":"https:\/\/jorgezanoni.com.br\/2019\/wp-json\/wp\/v2\/posts\/60188","targetHints":{"allow":["GET"]}}],"collection":[{"href":"https:\/\/jorgezanoni.com.br\/2019\/wp-json\/wp\/v2\/posts"}],"about":[{"href":"https:\/\/jorgezanoni.com.br\/2019\/wp-json\/wp\/v2\/types\/post"}],"author":[{"embeddable":true,"href":"https:\/\/jorgezanoni.com.br\/2019\/wp-json\/wp\/v2\/users\/1"}],"replies":[{"embeddable":true,"href":"https:\/\/jorgezanoni.com.br\/2019\/wp-json\/wp\/v2\/comments?post=60188"}],"version-history":[{"count":0,"href":"https:\/\/jorgezanoni.com.br\/2019\/wp-json\/wp\/v2\/posts\/60188\/revisions"}],"wp:featuredmedia":[{"embeddable":true,"href":"https:\/\/jorgezanoni.com.br\/2019\/wp-json\/wp\/v2\/media\/60189"}],"wp:attachment":[{"href":"https:\/\/jorgezanoni.com.br\/2019\/wp-json\/wp\/v2\/media?parent=60188"}],"wp:term":[{"taxonomy":"category","embeddable":true,"href":"https:\/\/jorgezanoni.com.br\/2019\/wp-json\/wp\/v2\/categories?post=60188"},{"taxonomy":"post_tag","embeddable":true,"href":"https:\/\/jorgezanoni.com.br\/2019\/wp-json\/wp\/v2\/tags?post=60188"}],"curies":[{"name":"wp","href":"https:\/\/api.w.org\/{rel}","templated":true}]}}