{"id":60184,"date":"2022-02-25T16:40:32","date_gmt":"2022-02-25T16:40:32","guid":{"rendered":"https:\/\/jorgezanoni.com.br\/2019\/?p=60184"},"modified":"2022-02-25T16:40:32","modified_gmt":"2022-02-25T16:40:32","slug":"policia-civil-prende-procurado-da-justica-suspeito-de-envolvimento-em-furto-de-caminhonete-em-panorama","status":"publish","type":"post","link":"https:\/\/jorgezanoni.com.br\/2019\/policia-civil-prende-procurado-da-justica-suspeito-de-envolvimento-em-furto-de-caminhonete-em-panorama\/","title":{"rendered":"Pol\u00edcia Civil prende procurado da Justi\u00e7a suspeito de envolvimento em Furto de Caminhonete em Panorama"},"content":{"rendered":"<p style=\"text-align: justify;\"><strong>POL\u00cdCIA CIVIL PRENDE PROCURADO DA JUSTI\u00c7A SUSPEITO DE ENVOLVIMENTO EM FURTO DE CAMIONETE OCORRIDO EM PANORAMA.<\/strong><\/p>\n<p style=\"text-align: justify;\">A pris\u00e3o aconteceu na cidade de Santa Rita do Pardo-MS. O suspeito preso \u00e9 investigado por um furto de uma camionete ocorrido, em junho de 2020, na cidade de Panorama.<\/p>\n<p style=\"text-align: justify;\">A Pol\u00edcia Civil, por interm\u00e9dio da Delegacia de Pol\u00edcia de Panorama, prendeu nesta quinta-feira (24), um homem, 45 anos, em decorr\u00eancia de um mandado de pris\u00e3o preventiva em desfavor do acusado, expedido pela 1\u00aa Vara da Comarca de Panorama.<\/p>\n<p style=\"text-align: justify;\">A captura do procurado ocorreu no per\u00edmetro urbano, da cidade de Santa Rita do Pardo-MS, ap\u00f3s trabalhos de intelig\u00eancia e troca de informa\u00e7\u00f5es de dados que envolveram, o Centro de Intelig\u00eancia da Delegacia Seccional de Pol\u00edcia de Dracena e as Delegacia de Pol\u00edcia de Brasil\u00e2ndia e Delegacia de Santa Ria do Pardo, ambas no estado do sul-mato-grossense.<\/p>\n<p style=\"text-align: justify;\">O homem \u00e9 investigado pela participa\u00e7\u00e3o em um furto de camionete, ocorrido na regi\u00e3o central de Panorama, em junho de 2020. Na ocasi\u00e3o, durante a \u201cOpera\u00e7\u00e3o Mutum\u201d, coordenada pela DSP Dracena, o ve\u00edculo foi recuperado e entregue ao leg\u00edtimo propriet\u00e1rio, e o acusado foi preso em flagrante por crime de recepta\u00e7\u00e3o por outro ve\u00edculo, na cidade de Santa Rita do Pardo-MS.<\/p>\n<p style=\"text-align: justify;\">O capturado foi conduzido at\u00e9 a Delegacia de Pol\u00edcia de Panorama para a formaliza\u00e7\u00e3o dos atos de Pol\u00edcia Judici\u00e1ria, e em seguida encaminhado para cadeia de Dracena, onde aguardar\u00e1 pela audi\u00eancia de custodia e posterior remo\u00e7\u00e3o ao sistema prisional.<\/p>\n<p style=\"text-align: justify;\">Den\u00fancia<br \/>\nA popula\u00e7\u00e3o pode contribuir com informa\u00e7\u00f5es sobre pessoas foragidas ou procuradas da Justi\u00e7a. As den\u00fancias podem ser feitas para o n\u00famero 181, o Disque Den\u00fancia, ou para o (18) 38711330 da Delegacia de Pol\u00edcia de Panorama. O sigilo e o anonimato s\u00e3o garantidos.<\/p>\n<p style=\"text-align: justify;\">Fonte: Com. Social Pol\u00edcia Civil<\/p>\n","protected":false},"excerpt":{"rendered":"<p>POL\u00cdCIA CIVIL PRENDE PROCURADO DA JUSTI\u00c7A SUSPEITO DE ENVOLVIMENTO EM FURTO DE CAMIONETE OCORRIDO EM PANORAMA. A pris\u00e3o aconteceu na cidade de Santa Rita do Pardo-MS. O suspeito preso \u00e9 investigado por um furto de uma camionete ocorrido, em junho de 2020, na cidade de Panorama. A Pol\u00edcia Civil, por interm\u00e9dio da Delegacia de Pol\u00edcia [&hellip;]<\/p>\n","protected":false},"author":1,"featured_media":60185,"comment_status":"closed","ping_status":"open","sticky":false,"template":"","format":"standard","meta":{"footnotes":""},"categories":[110,2],"tags":[],"class_list":["post-60184","post","type-post","status-publish","format-standard","has-post-thumbnail","hentry","category-noticiasdestaque","category-policial"],"_links":{"self":[{"href":"https:\/\/jorgezanoni.com.br\/2019\/wp-json\/wp\/v2\/posts\/60184","targetHints":{"allow":["GET"]}}],"collection":[{"href":"https:\/\/jorgezanoni.com.br\/2019\/wp-json\/wp\/v2\/posts"}],"about":[{"href":"https:\/\/jorgezanoni.com.br\/2019\/wp-json\/wp\/v2\/types\/post"}],"author":[{"embeddable":true,"href":"https:\/\/jorgezanoni.com.br\/2019\/wp-json\/wp\/v2\/users\/1"}],"replies":[{"embeddable":true,"href":"https:\/\/jorgezanoni.com.br\/2019\/wp-json\/wp\/v2\/comments?post=60184"}],"version-history":[{"count":0,"href":"https:\/\/jorgezanoni.com.br\/2019\/wp-json\/wp\/v2\/posts\/60184\/revisions"}],"wp:featuredmedia":[{"embeddable":true,"href":"https:\/\/jorgezanoni.com.br\/2019\/wp-json\/wp\/v2\/media\/60185"}],"wp:attachment":[{"href":"https:\/\/jorgezanoni.com.br\/2019\/wp-json\/wp\/v2\/media?parent=60184"}],"wp:term":[{"taxonomy":"category","embeddable":true,"href":"https:\/\/jorgezanoni.com.br\/2019\/wp-json\/wp\/v2\/categories?post=60184"},{"taxonomy":"post_tag","embeddable":true,"href":"https:\/\/jorgezanoni.com.br\/2019\/wp-json\/wp\/v2\/tags?post=60184"}],"curies":[{"name":"wp","href":"https:\/\/api.w.org\/{rel}","templated":true}]}}