{"id":60178,"date":"2022-02-25T16:05:25","date_gmt":"2022-02-25T16:05:25","guid":{"rendered":"https:\/\/jorgezanoni.com.br\/2019\/?p=60178"},"modified":"2022-02-25T16:05:25","modified_gmt":"2022-02-25T16:05:25","slug":"policia-militar-prende-homem-por-trafico-de-drogas-em-tupi-paulista-3","status":"publish","type":"post","link":"https:\/\/jorgezanoni.com.br\/2019\/policia-militar-prende-homem-por-trafico-de-drogas-em-tupi-paulista-3\/","title":{"rendered":"Pol\u00edcia Militar prende homem por Tr\u00e1fico de Drogas em Tupi Paulista"},"content":{"rendered":"<p style=\"text-align: justify;\">POL\u00cdCIA MILITAR EM TUPI PAULISTA FAZ PRIS\u00c3O POR TR\u00c1FICO DE DROGAS.<\/p>\n<p style=\"text-align: justify;\">Na data de ontem (24) por volta das 19h30min diante das in\u00fameras den\u00fancias do tr\u00e1fico de drogas no local dos fatos (Jardim Petr\u00f3polis) envolvendo o indiciado (homem de 21 anos), foi visualizado um indiv\u00edduo (homem 34 anos) pegando a droga deixada pelo indiciado em cima de um muro.<br \/>\nAo ser abordado o usu\u00e1rio e em busca pessoal foi localizado uma pedra de crack envolta em sacola branca, perguntado a respeito, informou ser para seu uso, e que havia comprado a droga do indiciado e pago por ela o valor de R$50,00, e que havia deixado o dinheiro em cima do muro da casa dele e logo depois de dar uma volta retornou para pegar a droga. Foram apreendidos 01 (uma) por\u00e7\u00e3o de crack, totalizando 0,001 kg e 1 (um ) aparelho celular, marca Motorola<br \/>\nDiante das informa\u00e7\u00f5es o indiciado foi abordado em via p\u00fablica e durante revista nada de il\u00edcito foi localizado. Dentro da carteira do indiciado havia duas notas de cinquenta reais, perguntado sobre o fato negou o ocorrido.<br \/>\nFoi dado voz de pris\u00e3o ao indiciado e deslocamos at\u00e9 sua resid\u00eancia, onde em contato com sua genitora e solicitado autoriza\u00e7\u00e3o para verificar sua resid\u00eancia e o quarto do indiciado e utilizado o c\u00e3o para fazer buscas no local, n\u00e3o sendo nada de il\u00edcito localizado.<br \/>\nFoi conduzido ao Plant\u00e3o de Pol\u00edcia Judici\u00e1ria e instaurado tr\u00e1fico de drogas por Portaria e partes liberadas.<\/p>\n<p style=\"text-align: justify;\">Fonte: Com. Social Pol\u00edcia Militar<\/p>\n","protected":false},"excerpt":{"rendered":"<p>POL\u00cdCIA MILITAR EM TUPI PAULISTA FAZ PRIS\u00c3O POR TR\u00c1FICO DE DROGAS. Na data de ontem (24) por volta das 19h30min diante das in\u00fameras den\u00fancias do tr\u00e1fico de drogas no local dos fatos (Jardim Petr\u00f3polis) envolvendo o indiciado (homem de 21 anos), foi visualizado um indiv\u00edduo (homem 34 anos) pegando a droga deixada pelo indiciado em [&hellip;]<\/p>\n","protected":false},"author":1,"featured_media":60179,"comment_status":"closed","ping_status":"open","sticky":false,"template":"","format":"standard","meta":{"footnotes":""},"categories":[110,2],"tags":[],"class_list":["post-60178","post","type-post","status-publish","format-standard","has-post-thumbnail","hentry","category-noticiasdestaque","category-policial"],"_links":{"self":[{"href":"https:\/\/jorgezanoni.com.br\/2019\/wp-json\/wp\/v2\/posts\/60178","targetHints":{"allow":["GET"]}}],"collection":[{"href":"https:\/\/jorgezanoni.com.br\/2019\/wp-json\/wp\/v2\/posts"}],"about":[{"href":"https:\/\/jorgezanoni.com.br\/2019\/wp-json\/wp\/v2\/types\/post"}],"author":[{"embeddable":true,"href":"https:\/\/jorgezanoni.com.br\/2019\/wp-json\/wp\/v2\/users\/1"}],"replies":[{"embeddable":true,"href":"https:\/\/jorgezanoni.com.br\/2019\/wp-json\/wp\/v2\/comments?post=60178"}],"version-history":[{"count":0,"href":"https:\/\/jorgezanoni.com.br\/2019\/wp-json\/wp\/v2\/posts\/60178\/revisions"}],"wp:featuredmedia":[{"embeddable":true,"href":"https:\/\/jorgezanoni.com.br\/2019\/wp-json\/wp\/v2\/media\/60179"}],"wp:attachment":[{"href":"https:\/\/jorgezanoni.com.br\/2019\/wp-json\/wp\/v2\/media?parent=60178"}],"wp:term":[{"taxonomy":"category","embeddable":true,"href":"https:\/\/jorgezanoni.com.br\/2019\/wp-json\/wp\/v2\/categories?post=60178"},{"taxonomy":"post_tag","embeddable":true,"href":"https:\/\/jorgezanoni.com.br\/2019\/wp-json\/wp\/v2\/tags?post=60178"}],"curies":[{"name":"wp","href":"https:\/\/api.w.org\/{rel}","templated":true}]}}