{"id":60174,"date":"2022-02-25T15:33:40","date_gmt":"2022-02-25T15:33:40","guid":{"rendered":"https:\/\/jorgezanoni.com.br\/2019\/?p=60174"},"modified":"2022-02-25T15:33:40","modified_gmt":"2022-02-25T15:33:40","slug":"unifadra-abre-inscricoes-para-a-2a-turma-do-curso-de-extensao-psicologia-e-praticas-clinicas","status":"publish","type":"post","link":"https:\/\/jorgezanoni.com.br\/2019\/unifadra-abre-inscricoes-para-a-2a-turma-do-curso-de-extensao-psicologia-e-praticas-clinicas\/","title":{"rendered":"Unifadra abre inscri\u00e7\u00f5es para a 2\u00aa turma do Curso de Extens\u00e3o: Psicologia e Pr\u00e1ticas Cl\u00ednicas"},"content":{"rendered":"<p style=\"text-align: justify;\"><span style=\"font-size: large;\">Em 2021, o curso de Psicologia da Unifadra realizou a primeira edi\u00e7\u00e3o do Curso de Extens\u00e3o: Psicologia e Pr\u00e1ticas Cl\u00ednicas, que teve como objetivo favorecer a continuidade da forma\u00e7\u00e3o universit\u00e1ria e o aprofundamento profissional na \u00e1rea de atua\u00e7\u00e3o cl\u00ednica em uma das diferentes abordagens psicol\u00f3gicas: Psican\u00e1lise, Cognitiva-Comportamental e Fenomenologia Existencial.<\/span><\/p>\n<p><span style=\"font-size: large;\">Neste m\u00eas de fevereiro de 2022, o primeiro grupo de profissionais completa suas atividades e a Unifadra j\u00e1 se prepara para a segunda edi\u00e7\u00e3o do curso.<\/span><\/p>\n<p><span style=\"font-size: large;\">Segundo Tayn\u00e1 Brito Cruz, aluna da primeira turma, &#8220;a oportunidade do Curso de Extens\u00e3o foi essencial para mim. Diante da finaliza\u00e7\u00e3o da gradua\u00e7\u00e3o e da entrada no mercado profissional, existem muitos receios e ang\u00fastias, ent\u00e3o, vi o curso como uma oportunidade de me preparar melhor, aprender mais, principalmente dentro da abordagem escolhida e ir construindo um caminho profissional. Percebo o quanto cresci e aprendi com essa experi\u00eancia&#8221;.<\/span><\/p>\n<p><span style=\"font-size: large;\">A edi\u00e7\u00e3o 2022 ser\u00e1 organizada com carga hor\u00e1ria total de 80 horas, sendo 40 horas de atua\u00e7\u00e3o cl\u00ednica, 20 horas de supervis\u00e3o e 20 horas de aprofundamento te\u00f3rico, com atividades s\u00edncronas e ass\u00edncronas. As atividades pr\u00e1ticas ser\u00e3o realizadas na cl\u00ednica-escola de Psicologia da Unifadra, promovendo e ampliando a presta\u00e7\u00e3o de servi\u00e7os de sa\u00fade mental voltados \u00e0s necessidades da popula\u00e7\u00e3o. As supervis\u00f5es e aulas de aprofundamento te\u00f3rico ser\u00e3o oferecidas por meio do Google Meet e do Ambiente Virtual de Aprendizagem da Fundec (Google for Education).<\/span><\/p>\n<p><span style=\"font-size: large;\">Para participar, o interessado deve ser psic\u00f3logo, devidamente inscrito no Conselho Regional de Psicologia (CRP), e no momento da inscri\u00e7\u00e3o escolher uma das diferentes abordagens psicol\u00f3gicas para realizar as suas atividades.<\/span><\/p>\n<p><span style=\"font-size: large;\">As inscri\u00e7\u00f5es est\u00e3o abertas e ser\u00e3o encerradas no dia 25\/03\/2022. O formul\u00e1rio para inscri\u00e7\u00e3o est\u00e1 dispon\u00edvel em:\u00a0<a href=\"https:\/\/forms.gle\/XZ9R5JyvQkug6uS26\" target=\"_blank\" rel=\"noopener noreferrer\">https:\/\/forms.gle\/XZ9R5JyvQkug6uS26<\/a><\/span><\/p>\n<p><span style=\"font-size: large;\">Para mais informa\u00e7\u00f5es sobre o in\u00edcio do curso, o valor e as formas de pagamento, entre em contato com a Secretaria Geral pelo telefone (18) 3821-9009 ou com a coordena\u00e7\u00e3o do curso de Psicologia pelo WhatsApp (18) 99119-2181.<\/span><\/p>\n<p><img loading=\"lazy\" decoding=\"async\" class=\"alignnone size-full wp-image-60176\" src=\"https:\/\/jorgezanoni.com.br\/2019\/wp-content\/uploads\/2022\/02\/uni1.jpg\" alt=\"\" width=\"240\" height=\"240\" srcset=\"https:\/\/jorgezanoni.com.br\/2019\/wp-content\/uploads\/2022\/02\/uni1.jpg 240w, https:\/\/jorgezanoni.com.br\/2019\/wp-content\/uploads\/2022\/02\/uni1-150x150.jpg 150w\" sizes=\"auto, (max-width: 240px) 100vw, 240px\" \/><\/p>\n<p>Fonte: Depto. Comunica\u00e7\u00e3o Fundec<\/p>\n","protected":false},"excerpt":{"rendered":"<p>Em 2021, o curso de Psicologia da Unifadra realizou a primeira edi\u00e7\u00e3o do Curso de Extens\u00e3o: Psicologia e Pr\u00e1ticas Cl\u00ednicas, que teve como objetivo favorecer a continuidade da forma\u00e7\u00e3o universit\u00e1ria e o aprofundamento profissional na \u00e1rea de atua\u00e7\u00e3o cl\u00ednica em uma das diferentes abordagens psicol\u00f3gicas: Psican\u00e1lise, Cognitiva-Comportamental e Fenomenologia Existencial. Neste m\u00eas de fevereiro de [&hellip;]<\/p>\n","protected":false},"author":1,"featured_media":60175,"comment_status":"closed","ping_status":"open","sticky":false,"template":"","format":"standard","meta":{"footnotes":""},"categories":[110,122],"tags":[],"class_list":["post-60174","post","type-post","status-publish","format-standard","has-post-thumbnail","hentry","category-noticiasdestaque","category-saudeeducacaoeconcurso"],"_links":{"self":[{"href":"https:\/\/jorgezanoni.com.br\/2019\/wp-json\/wp\/v2\/posts\/60174","targetHints":{"allow":["GET"]}}],"collection":[{"href":"https:\/\/jorgezanoni.com.br\/2019\/wp-json\/wp\/v2\/posts"}],"about":[{"href":"https:\/\/jorgezanoni.com.br\/2019\/wp-json\/wp\/v2\/types\/post"}],"author":[{"embeddable":true,"href":"https:\/\/jorgezanoni.com.br\/2019\/wp-json\/wp\/v2\/users\/1"}],"replies":[{"embeddable":true,"href":"https:\/\/jorgezanoni.com.br\/2019\/wp-json\/wp\/v2\/comments?post=60174"}],"version-history":[{"count":0,"href":"https:\/\/jorgezanoni.com.br\/2019\/wp-json\/wp\/v2\/posts\/60174\/revisions"}],"wp:featuredmedia":[{"embeddable":true,"href":"https:\/\/jorgezanoni.com.br\/2019\/wp-json\/wp\/v2\/media\/60175"}],"wp:attachment":[{"href":"https:\/\/jorgezanoni.com.br\/2019\/wp-json\/wp\/v2\/media?parent=60174"}],"wp:term":[{"taxonomy":"category","embeddable":true,"href":"https:\/\/jorgezanoni.com.br\/2019\/wp-json\/wp\/v2\/categories?post=60174"},{"taxonomy":"post_tag","embeddable":true,"href":"https:\/\/jorgezanoni.com.br\/2019\/wp-json\/wp\/v2\/tags?post=60174"}],"curies":[{"name":"wp","href":"https:\/\/api.w.org\/{rel}","templated":true}]}}