{"id":60147,"date":"2022-02-24T22:32:03","date_gmt":"2022-02-24T22:32:03","guid":{"rendered":"https:\/\/jorgezanoni.com.br\/2019\/?p=60147"},"modified":"2022-02-24T22:32:03","modified_gmt":"2022-02-24T22:32:03","slug":"comissao-de-prevencao-de-acidentes-da-emdaep-tem-nova-diretoria","status":"publish","type":"post","link":"https:\/\/jorgezanoni.com.br\/2019\/comissao-de-prevencao-de-acidentes-da-emdaep-tem-nova-diretoria\/","title":{"rendered":"Comiss\u00e3o de Preven\u00e7\u00e3o de Acidentes da EMDAEP tem nova diretoria"},"content":{"rendered":"<p style=\"text-align: justify;\">Os novos integrantes da Comiss\u00e3o Interna de Preven\u00e7\u00e3o de Acidentes (Cipa) da EMDAEP tomaram posse para mandato de um ano.<\/p>\n<p style=\"text-align: justify;\">Os cipeiros participaram de treinamento na quarta-feira, com o t\u00e9cnico em seguran\u00e7a do trabalho, Jos\u00e9 Leandro, na Engra.<\/p>\n<p style=\"text-align: justify;\">A Cipa ter\u00e1 encontros mensais para avalia\u00e7\u00e3o da seguran\u00e7a do trabalho entre os funcion\u00e1rios da empresa municipal. A EMDAEP superou a marca de 500 dias sem registro de acidentes de trabalho com afastamento.<\/p>\n<p style=\"text-align: justify;\">Os representantes do empregador s\u00e3o: Cl\u00e1udio Jos\u00e9 Pasqualeto (presidente), T\u00e2nia Regina Machado Scaliante, Evandro Gon\u00e7alves, Ed\u00edlson Borges e Valdevino Alves Moreira.<\/p>\n<p style=\"text-align: justify;\">Por vota\u00e7\u00e3o direta os empregados elegeram: Dorian Grassi Silva (vice-presidente), Valdomiro Bortolotti, Israel Pereira da Silva, Fernando Alves Sarro e M\u00e1rio Celso Rodrigues da Rocha.<\/p>\n<p style=\"text-align: justify;\">Ass. Rela\u00e7\u00f5es P\u00fablicas da EMDAEP<\/p>\n<p style=\"text-align: justify;\">Integrantes da Cipa participaram de treinamento na quarta-feira<\/p>\n","protected":false},"excerpt":{"rendered":"<p>Os novos integrantes da Comiss\u00e3o Interna de Preven\u00e7\u00e3o de Acidentes (Cipa) da EMDAEP tomaram posse para mandato de um ano. Os cipeiros participaram de treinamento na quarta-feira, com o t\u00e9cnico em seguran\u00e7a do trabalho, Jos\u00e9 Leandro, na Engra. A Cipa ter\u00e1 encontros mensais para avalia\u00e7\u00e3o da seguran\u00e7a do trabalho entre os funcion\u00e1rios da empresa municipal. [&hellip;]<\/p>\n","protected":false},"author":1,"featured_media":60148,"comment_status":"closed","ping_status":"open","sticky":false,"template":"","format":"standard","meta":{"footnotes":""},"categories":[179,184,110],"tags":[],"class_list":["post-60147","post","type-post","status-publish","format-standard","has-post-thumbnail","hentry","category-cidadeseregiao","category-dracena","category-noticiasdestaque"],"_links":{"self":[{"href":"https:\/\/jorgezanoni.com.br\/2019\/wp-json\/wp\/v2\/posts\/60147","targetHints":{"allow":["GET"]}}],"collection":[{"href":"https:\/\/jorgezanoni.com.br\/2019\/wp-json\/wp\/v2\/posts"}],"about":[{"href":"https:\/\/jorgezanoni.com.br\/2019\/wp-json\/wp\/v2\/types\/post"}],"author":[{"embeddable":true,"href":"https:\/\/jorgezanoni.com.br\/2019\/wp-json\/wp\/v2\/users\/1"}],"replies":[{"embeddable":true,"href":"https:\/\/jorgezanoni.com.br\/2019\/wp-json\/wp\/v2\/comments?post=60147"}],"version-history":[{"count":0,"href":"https:\/\/jorgezanoni.com.br\/2019\/wp-json\/wp\/v2\/posts\/60147\/revisions"}],"wp:featuredmedia":[{"embeddable":true,"href":"https:\/\/jorgezanoni.com.br\/2019\/wp-json\/wp\/v2\/media\/60148"}],"wp:attachment":[{"href":"https:\/\/jorgezanoni.com.br\/2019\/wp-json\/wp\/v2\/media?parent=60147"}],"wp:term":[{"taxonomy":"category","embeddable":true,"href":"https:\/\/jorgezanoni.com.br\/2019\/wp-json\/wp\/v2\/categories?post=60147"},{"taxonomy":"post_tag","embeddable":true,"href":"https:\/\/jorgezanoni.com.br\/2019\/wp-json\/wp\/v2\/tags?post=60147"}],"curies":[{"name":"wp","href":"https:\/\/api.w.org\/{rel}","templated":true}]}}