{"id":60137,"date":"2022-02-24T20:59:13","date_gmt":"2022-02-24T20:59:13","guid":{"rendered":"https:\/\/jorgezanoni.com.br\/2019\/?p=60137"},"modified":"2022-02-24T20:59:13","modified_gmt":"2022-02-24T20:59:13","slug":"policia-civil-realiza-palestra-sobre-crime-de-desacato-em-escola-de-s-j-do-pau-dalho","status":"publish","type":"post","link":"https:\/\/jorgezanoni.com.br\/2019\/policia-civil-realiza-palestra-sobre-crime-de-desacato-em-escola-de-s-j-do-pau-dalho\/","title":{"rendered":"Pol\u00edcia Civil realiza Palestra sobre crime de desacato em escola de S. J. do P\u00e1u D&#8217;\u00c1lho"},"content":{"rendered":"<p style=\"text-align: justify;\"><strong>POL\u00cdCIA CIVIL REALIZA PALESTRA SOBRE CRIME DE DESACATO EM ESCOLA DE S\u00c3O JO\u00c3O DO PAU D\u00b4ALHO.<\/strong><\/p>\n<p style=\"text-align: justify;\">A Pol\u00edcia Civil, por interm\u00e9dio de Delegacia de Pol\u00edcia Civil de S\u00e3o Jo\u00e3o de Pau D\u00b4alho, realizou nesta quarta-feira 23), palestra na Escola Estadual \u201cSalvador Ramos de Moura\u201d, no munic\u00edpio de S\u00e3o Jo\u00e3o do Pau D\u00b4alho.<br \/>\nA palestra foi um pedido da dire\u00e7\u00e3o da escola estadual, e o agente policial Luiz Miranda discorreu sobre o crime de destaco (Art.311 do CP) e suas modalidades, inclusive os que podem acontecer interior do estabelecimento de ensino. Cerca de 90 alunos, do 6\u00ba ao 3\u00ba ano do ensino m\u00e9dio, acompanharam atentamente as explica\u00e7\u00f5es dadas.<br \/>\nO agente policial citou exemplo, de quando o professor e\/ou outro servidor em raz\u00e3o do exerc\u00edcio da fun\u00e7\u00e3o ou em raz\u00e3o dela, recebe ofensa mesmo fora do ambiente escolar. Salientou tamb\u00e9m sobre algumas atitudes comportamentais dos alunos adolescentes, que podem caracterizar uma ofensa, e posteriormente o registro de um ato infracional.<br \/>\nNo final do encontro, foi aberto espa\u00e7o para questionamento e esclarecimento das d\u00favidas. A diretora da escola, senhora Maria Rita Mantovani, elogiou e agradeceu a contribui\u00e7\u00e3o dada pela Pol\u00edcia Civil, em prol da coniv\u00eancia e da valoriza\u00e7\u00e3o de um melhor ambiente escolar.<\/p>\n<p style=\"text-align: justify;\">Fonte: Com. Social Pol\u00edcia Civil<\/p>\n","protected":false},"excerpt":{"rendered":"<p>POL\u00cdCIA CIVIL REALIZA PALESTRA SOBRE CRIME DE DESACATO EM ESCOLA DE S\u00c3O JO\u00c3O DO PAU D\u00b4ALHO. A Pol\u00edcia Civil, por interm\u00e9dio de Delegacia de Pol\u00edcia Civil de S\u00e3o Jo\u00e3o de Pau D\u00b4alho, realizou nesta quarta-feira 23), palestra na Escola Estadual \u201cSalvador Ramos de Moura\u201d, no munic\u00edpio de S\u00e3o Jo\u00e3o do Pau D\u00b4alho. A palestra foi [&hellip;]<\/p>\n","protected":false},"author":1,"featured_media":60138,"comment_status":"closed","ping_status":"open","sticky":false,"template":"","format":"standard","meta":{"footnotes":""},"categories":[110,2],"tags":[],"class_list":["post-60137","post","type-post","status-publish","format-standard","has-post-thumbnail","hentry","category-noticiasdestaque","category-policial"],"_links":{"self":[{"href":"https:\/\/jorgezanoni.com.br\/2019\/wp-json\/wp\/v2\/posts\/60137","targetHints":{"allow":["GET"]}}],"collection":[{"href":"https:\/\/jorgezanoni.com.br\/2019\/wp-json\/wp\/v2\/posts"}],"about":[{"href":"https:\/\/jorgezanoni.com.br\/2019\/wp-json\/wp\/v2\/types\/post"}],"author":[{"embeddable":true,"href":"https:\/\/jorgezanoni.com.br\/2019\/wp-json\/wp\/v2\/users\/1"}],"replies":[{"embeddable":true,"href":"https:\/\/jorgezanoni.com.br\/2019\/wp-json\/wp\/v2\/comments?post=60137"}],"version-history":[{"count":0,"href":"https:\/\/jorgezanoni.com.br\/2019\/wp-json\/wp\/v2\/posts\/60137\/revisions"}],"wp:featuredmedia":[{"embeddable":true,"href":"https:\/\/jorgezanoni.com.br\/2019\/wp-json\/wp\/v2\/media\/60138"}],"wp:attachment":[{"href":"https:\/\/jorgezanoni.com.br\/2019\/wp-json\/wp\/v2\/media?parent=60137"}],"wp:term":[{"taxonomy":"category","embeddable":true,"href":"https:\/\/jorgezanoni.com.br\/2019\/wp-json\/wp\/v2\/categories?post=60137"},{"taxonomy":"post_tag","embeddable":true,"href":"https:\/\/jorgezanoni.com.br\/2019\/wp-json\/wp\/v2\/tags?post=60137"}],"curies":[{"name":"wp","href":"https:\/\/api.w.org\/{rel}","templated":true}]}}