{"id":60122,"date":"2022-02-24T01:14:27","date_gmt":"2022-02-24T01:14:27","guid":{"rendered":"https:\/\/jorgezanoni.com.br\/2019\/?p=60122"},"modified":"2022-02-24T01:14:27","modified_gmt":"2022-02-24T01:14:27","slug":"condenado-a-mais-de-11-anos-em-regime-semiaberto-ex-prefeito-de-lucelia-e-preso-em-via-publica","status":"publish","type":"post","link":"https:\/\/jorgezanoni.com.br\/2019\/condenado-a-mais-de-11-anos-em-regime-semiaberto-ex-prefeito-de-lucelia-e-preso-em-via-publica\/","title":{"rendered":"Condenado a mais de 11 anos em regime semiaberto, ex-prefeito de Luc\u00e9lia \u00e9 preso em via p\u00fablica"},"content":{"rendered":"<h2 class=\"content-head__subtitle\" style=\"text-align: justify;\"><strong>Carlos Ananias Campos de Souza tem 69 anos de idade e chefiou o Poder Executivo por dois mandatos consecutivos, primeiro pelo ent\u00e3o PFL e depois pelo PSDB, entre 1997 e 2004.<\/strong><\/h2>\n<div class=\"mc-column content-text active-extra-styles \" data-block-type=\"unstyled\" data-block-weight=\"23\" data-block-id=\"2\">\n<p class=\"content-text__container \" data-track-category=\"Link no Texto\" data-track-links=\"\">O ex-prefeito Carlos Ananias Campos de Souza foi preso na tarde desta quarta-feira (23) em uma via p\u00fablica no Centro de\u00a0<a href=\"https:\/\/g1.globo.com\/sp\/presidente-prudente-regiao\/cidade\/lucelia\/\">Luc\u00e9lia<\/a>\u00a0(SP).<\/p>\n<\/div>\n<div class=\"wall protected-content\">\n<div class=\"mc-column content-text active-extra-styles \" data-block-type=\"unstyled\" data-block-weight=\"26\" data-block-id=\"3\">\n<p class=\"content-text__container \" data-track-category=\"Link no Texto\" data-track-links=\"\">Segundo o delegado Celso Pardo Soares, as pol\u00edcias Civil e Militar realizaram o cumprimento de dois mandados expedidos pela Justi\u00e7a contra o ex-chefe do Poder Executivo.<\/p>\n<\/div>\n<div class=\"mc-column content-text active-extra-styles \" data-block-type=\"unstyled\" data-block-weight=\"28\" data-block-id=\"4\">\n<p class=\"content-text__container \" data-track-category=\"Link no Texto\" data-track-links=\"\">Ainda conforme o delegado, Carlos Ananias Campos de Souza foi levado para o Instituto M\u00e9dico Legal (IML), em Adamantina (SP), onde passou pelo exame de corpo de delito.<\/p>\n<\/div>\n<div class=\"mc-column content-text active-extra-styles \" data-block-type=\"unstyled\" data-block-weight=\"15\" data-block-id=\"5\">\n<p class=\"content-text__container \" data-track-category=\"Link no Texto\" data-track-links=\"\">Depois disso, ele foi conduzido \u00e0 Cadeia de Adamantina, onde permaneceu \u00e0 disposi\u00e7\u00e3o da Justi\u00e7a.<\/p>\n<\/div>\n<div class=\"mc-column content-text active-extra-styles \" data-block-type=\"unstyled\" data-block-weight=\"22\" data-block-id=\"6\">\n<p class=\"content-text__container \" data-track-category=\"Link no Texto\" data-track-links=\"\">O delegado disse ainda que o ex-prefeito ir\u00e1 cumprir uma pena de 11 anos e 5 meses de pris\u00e3o em regime semiaberto.<\/p>\n<div class=\"mc-column content-text active-extra-styles \" data-block-type=\"unstyled\" data-block-weight=\"27\" data-block-id=\"8\">\n<p class=\"content-text__container \" data-track-category=\"Link no Texto\" data-track-links=\"\">De acordo com Soares, o processo contra o ex-prefeito corre em segredo de Justi\u00e7a e, por isso, n\u00e3o foi poss\u00edvel revelar por qual crime ele foi condenado.<\/p>\n<\/div>\n<div class=\"mc-column content-text active-extra-styles \" data-block-type=\"unstyled\" data-block-weight=\"31\" data-block-id=\"9\">\n<p class=\"content-text__container \" data-track-category=\"Link no Texto\" data-track-links=\"\">Carlos Ananias Campos de Souza tem 69 anos de idade e foi prefeito de\u00a0<a href=\"https:\/\/g1.globo.com\/sp\/presidente-prudente-regiao\/cidade\/lucelia\/\">Luc\u00e9lia<\/a>\u00a0por dois mandatos consecutivos, primeiro pelo ent\u00e3o PFL e depois pelo PSDB, entre 1997 e 2004.<\/p>\n<\/div>\n<div class=\"mc-column content-text active-extra-styles \" data-block-type=\"unstyled\" data-block-weight=\"19\" data-block-id=\"10\">\n<p class=\"content-text__container \" data-track-category=\"Link no Texto\" data-track-links=\"\">Ele tamb\u00e9m ocupou o cargo de vereador em\u00a0<a href=\"https:\/\/g1.globo.com\/sp\/presidente-prudente-regiao\/cidade\/lucelia\/\">Luc\u00e9lia<\/a>\u00a0por tr\u00eas mandatos entre as d\u00e9cadas de 1970 e 1980.<\/p>\n<p data-track-category=\"Link no Texto\" data-track-links=\"\">Fonte: G1<\/p>\n<\/div>\n<\/div>\n<\/div>\n","protected":false},"excerpt":{"rendered":"<p>Carlos Ananias Campos de Souza tem 69 anos de idade e chefiou o Poder Executivo por dois mandatos consecutivos, primeiro pelo ent\u00e3o PFL e depois pelo PSDB, entre 1997 e 2004. O ex-prefeito Carlos Ananias Campos de Souza foi preso na tarde desta quarta-feira (23) em uma via p\u00fablica no Centro de\u00a0Luc\u00e9lia\u00a0(SP). Segundo o delegado [&hellip;]<\/p>\n","protected":false},"author":1,"featured_media":60123,"comment_status":"closed","ping_status":"open","sticky":false,"template":"","format":"standard","meta":{"footnotes":""},"categories":[110,2],"tags":[],"class_list":["post-60122","post","type-post","status-publish","format-standard","has-post-thumbnail","hentry","category-noticiasdestaque","category-policial"],"_links":{"self":[{"href":"https:\/\/jorgezanoni.com.br\/2019\/wp-json\/wp\/v2\/posts\/60122","targetHints":{"allow":["GET"]}}],"collection":[{"href":"https:\/\/jorgezanoni.com.br\/2019\/wp-json\/wp\/v2\/posts"}],"about":[{"href":"https:\/\/jorgezanoni.com.br\/2019\/wp-json\/wp\/v2\/types\/post"}],"author":[{"embeddable":true,"href":"https:\/\/jorgezanoni.com.br\/2019\/wp-json\/wp\/v2\/users\/1"}],"replies":[{"embeddable":true,"href":"https:\/\/jorgezanoni.com.br\/2019\/wp-json\/wp\/v2\/comments?post=60122"}],"version-history":[{"count":0,"href":"https:\/\/jorgezanoni.com.br\/2019\/wp-json\/wp\/v2\/posts\/60122\/revisions"}],"wp:featuredmedia":[{"embeddable":true,"href":"https:\/\/jorgezanoni.com.br\/2019\/wp-json\/wp\/v2\/media\/60123"}],"wp:attachment":[{"href":"https:\/\/jorgezanoni.com.br\/2019\/wp-json\/wp\/v2\/media?parent=60122"}],"wp:term":[{"taxonomy":"category","embeddable":true,"href":"https:\/\/jorgezanoni.com.br\/2019\/wp-json\/wp\/v2\/categories?post=60122"},{"taxonomy":"post_tag","embeddable":true,"href":"https:\/\/jorgezanoni.com.br\/2019\/wp-json\/wp\/v2\/tags?post=60122"}],"curies":[{"name":"wp","href":"https:\/\/api.w.org\/{rel}","templated":true}]}}