{"id":60119,"date":"2022-02-24T00:01:54","date_gmt":"2022-02-24T00:01:54","guid":{"rendered":"https:\/\/jorgezanoni.com.br\/2019\/?p=60119"},"modified":"2022-02-24T00:01:54","modified_gmt":"2022-02-24T00:01:54","slug":"egressa-da-unifadra-entra-para-residencia-em-enfermagem-na-uel","status":"publish","type":"post","link":"https:\/\/jorgezanoni.com.br\/2019\/egressa-da-unifadra-entra-para-residencia-em-enfermagem-na-uel\/","title":{"rendered":"Egressa da Unifadra entra para Resid\u00eancia em Enfermagem na UEL"},"content":{"rendered":"<p style=\"text-align: justify;\"><span style=\"font-size: large;\">Vit\u00f3ria Delma Barbosa de Souza faz parte da \u00faltima turma de formandos do curso de Enfermagem da Unifadra Dracena (2021) e vai iniciar 2022 cursando a p\u00f3s-gradua\u00e7\u00e3o, em n\u00edvel de Resid\u00eancia em Enfermagem, pela Universidade Estadual de Londrina &#8211; UEL. Neste programa de resid\u00eancia, todas as vagas s\u00e3o contempladas com bolsa\/remunera\u00e7\u00e3o da universidade paranaense.<\/span><\/p>\n<p><span style=\"font-size: large;\">A enfermeira Vit\u00f3ria conquistou uma das oito vagas dispon\u00edveis para a resid\u00eancia no Hospital Universit\u00e1rio Regional do Norte do Paran\u00e1\/UEL e escolheu se especializar em Ger\u00eancia de Servi\u00e7os de Enfermagem. Com dura\u00e7\u00e3o de dois anos, a Resid\u00eancia em Enfermagem em Ger\u00eancia dos Servi\u00e7os de Enfermagem inicia no pr\u00f3ximo dia 1\u00ba de mar\u00e7o.<\/span><\/p>\n<p><span style=\"font-size: large;\">Segundo a coordenadora do curso de Enfermagem da Unifadra\u00a0<\/span>Profa. Dra.<span style=\"font-size: large;\">\u00a0Lilian Carla Ferrari Sossai\u00a0<\/span>Pan\u00edcio, &#8220;o<span style=\"font-size: large;\">\u00a0diferencial do nosso curso \u00e9 preparar o futuro enfermeiro para o mercado de trabalho. Me sinto feliz com a aprova\u00e7\u00e3o\u00a0<\/span>da Vit\u00f3ria<span style=\"font-size: large;\">\u00a0e com a sensa\u00e7\u00e3o de que estamos no caminho certo&#8221;, finaliza.<\/span><\/p>\n<p><span style=\"font-size: large;\">O diretor acad\u00eamico\u00a0<\/span>Prof. Dr.<span style=\"font-size: large;\">\u00a0Enio Garbelini ressalta que &#8220;isso mostra que os nossos cursos, destacando neste caso o curso de Enfermagem, formam profissionais de excel\u00eancia, tanto para o ingresso imediato no mercado de trabalho, como para trilhar seus caminhos na pesquisa. Parab\u00e9ns para a aluna Vit\u00f3ria, egressa do curso de Enfermagem, pela conquista&#8221;.<\/span><\/p>\n<p><span style=\"font-size: large;\">Com apenas 22 anos, Vit\u00f3ria Barbosa se destaca por sua dedica\u00e7\u00e3o e deixa uma dica aos futuros enfermeiros que, como ela, desejam se destacar em sua profiss\u00e3o.<\/span><\/p>\n<p><span style=\"font-size: large;\">&#8220;Agrade\u00e7o a Deus pela vida e pelas oportunidades que eu tive. Agrade\u00e7o a minha fam\u00edlia pela motiva\u00e7\u00e3o e por todo o apoio. Tamb\u00e9m agrade\u00e7o \u00e0 faculdade que eu fiz, que foi a Unifadra.<\/span><\/p>\n<p><span style=\"font-size: large;\">Sou muito grata pela oportunidade de ter estudado l\u00e1, porque entrei na Unifadra pelo programa de bolsas Proinf, depois consegui outros tipos de bolsas, enfim, sempre tive aux\u00edlio em minha trajet\u00f3ria na faculdade.<\/span><\/p>\n<p><span style=\"font-size: large;\">A Unifadra foi um grande alicerce do meu conhecimento. Em 2015, eu j\u00e1 tinha feito o curso de auxiliar de Enfermagem pelo CEP\/UME; em 2018, comecei a faculdade de Enfermagem pela Unifadra e sempre conciliei o trabalho com o estudo &#8211; os alunos que trabalham sabem que n\u00e3o \u00e9 muito f\u00e1cil &#8211; por\u00e9m, sempre tive o objetivo de n\u00e3o ser comum, de terminar a faculdade e n\u00e3o continuar do jeito que estava e n\u00e3o me contentar com pouco.<\/span><\/p>\n<p><span style=\"font-size: large;\">Eu sabia que tinha que estudar e o tempo era muito escasso, ent\u00e3o fiz isso no tempo que eu tinha: de madrugada! Porque durante o dia eu trabalhava, de noite estudava na faculdade e, para complementar, eu estudava de madrugada.<\/span><\/p>\n<p><span style=\"font-size: large;\">O conhecimento que obtive na faculdade foi muito vasto, o campo de est\u00e1gio foi bom, os professores s\u00e3o bons e eu agrade\u00e7o muito \u00e0 Profa. Lilian e \u00e0 Profa. Nicinha, coordenadora e vice-coordenadora do curso, e a todos os demais professores, em especial \u00e0 Profa. Pamela, porque ela foi uma grande incentivadora para eu prestar esta resid\u00eancia. Foi ela quem me apoiou e me ajudou e estou muito grata de ter passado. Estou muito feliz!<\/span><\/p>\n<p><span style=\"font-size: large;\">Aos alunos que est\u00e3o vindo a\u00ed eu deixo: n\u00e3o pare de estudar e n\u00e3o se contente. A gente aprende e a gente esquece, mas o c\u00e9rebro tem uma linha de continuidade: eu aprendi hoje, eu preciso revisar amanh\u00e3 e daqui a sete dias, preciso revisar novamente&#8221;.<\/span><\/p>\n<p>Fonte: Departamento de Comunica\u00e7\u00e3o Fundec<\/p>\n","protected":false},"excerpt":{"rendered":"<p>Vit\u00f3ria Delma Barbosa de Souza faz parte da \u00faltima turma de formandos do curso de Enfermagem da Unifadra Dracena (2021) e vai iniciar 2022 cursando a p\u00f3s-gradua\u00e7\u00e3o, em n\u00edvel de Resid\u00eancia em Enfermagem, pela Universidade Estadual de Londrina &#8211; UEL. Neste programa de resid\u00eancia, todas as vagas s\u00e3o contempladas com bolsa\/remunera\u00e7\u00e3o da universidade paranaense. A [&hellip;]<\/p>\n","protected":false},"author":1,"featured_media":60120,"comment_status":"closed","ping_status":"open","sticky":false,"template":"","format":"standard","meta":{"footnotes":""},"categories":[110,122],"tags":[],"class_list":["post-60119","post","type-post","status-publish","format-standard","has-post-thumbnail","hentry","category-noticiasdestaque","category-saudeeducacaoeconcurso"],"_links":{"self":[{"href":"https:\/\/jorgezanoni.com.br\/2019\/wp-json\/wp\/v2\/posts\/60119","targetHints":{"allow":["GET"]}}],"collection":[{"href":"https:\/\/jorgezanoni.com.br\/2019\/wp-json\/wp\/v2\/posts"}],"about":[{"href":"https:\/\/jorgezanoni.com.br\/2019\/wp-json\/wp\/v2\/types\/post"}],"author":[{"embeddable":true,"href":"https:\/\/jorgezanoni.com.br\/2019\/wp-json\/wp\/v2\/users\/1"}],"replies":[{"embeddable":true,"href":"https:\/\/jorgezanoni.com.br\/2019\/wp-json\/wp\/v2\/comments?post=60119"}],"version-history":[{"count":0,"href":"https:\/\/jorgezanoni.com.br\/2019\/wp-json\/wp\/v2\/posts\/60119\/revisions"}],"wp:featuredmedia":[{"embeddable":true,"href":"https:\/\/jorgezanoni.com.br\/2019\/wp-json\/wp\/v2\/media\/60120"}],"wp:attachment":[{"href":"https:\/\/jorgezanoni.com.br\/2019\/wp-json\/wp\/v2\/media?parent=60119"}],"wp:term":[{"taxonomy":"category","embeddable":true,"href":"https:\/\/jorgezanoni.com.br\/2019\/wp-json\/wp\/v2\/categories?post=60119"},{"taxonomy":"post_tag","embeddable":true,"href":"https:\/\/jorgezanoni.com.br\/2019\/wp-json\/wp\/v2\/tags?post=60119"}],"curies":[{"name":"wp","href":"https:\/\/api.w.org\/{rel}","templated":true}]}}