{"id":60097,"date":"2022-02-23T00:01:54","date_gmt":"2022-02-23T00:01:54","guid":{"rendered":"https:\/\/jorgezanoni.com.br\/2019\/?p=60097"},"modified":"2022-02-23T00:01:54","modified_gmt":"2022-02-23T00:01:54","slug":"mulher-fica-ferida-em-acidente-entre-carro-e-caminhao-na-sp-294-em-adamantina","status":"publish","type":"post","link":"https:\/\/jorgezanoni.com.br\/2019\/mulher-fica-ferida-em-acidente-entre-carro-e-caminhao-na-sp-294-em-adamantina\/","title":{"rendered":"Mulher fica ferida em acidente entre carro e caminh\u00e3o na SP-294 em Adamantina"},"content":{"rendered":"<p style=\"text-align: justify;\">Uma mulher ficou ferida em um acidente ocorrido na manh\u00e3 desta ter\u00e7a-feira (22) na Rodovia Comandante Jo\u00e3o Ribeiro de Barros (SP-294) em Adamantina.<\/p>\n<p style=\"text-align: justify;\">O acidente ocorreu pr\u00f3ximo da Base da Pol\u00edcia Militar Rodovi\u00e1ria quando um caminh\u00e3o com placas de Pen\u00e1polis e um Uno seguiam no sentido Adamantina \/ Luc\u00e9lia.<\/p>\n<div class=\"tiled-gallery type-rectangular\" style=\"text-align: justify;\" data-original-width=\"740\" data-carousel-extra=\"{&quot;blog_id&quot;:1,&quot;permalink&quot;:&quot;https:\\\/\\\/ifolharegional.com.br\\\/2022\\\/02\\\/22\\\/mulher-fica-ferida-em-acidente-entre-carro-e-caminhao-na-sp-294-em-adamantina\\\/&quot;,&quot;likes_blog_id&quot;:157395130}\">\n<div class=\"gallery-row\" data-original-width=\"740\" data-original-height=\"371\">\n<div class=\"gallery-group images-1\" data-original-width=\"494\" data-original-height=\"371\">\n<div class=\"tiled-gallery-item tiled-gallery-item-large\"><a href=\"https:\/\/ifolharegional.com.br\/2022\/02\/22\/mulher-fica-ferida-em-acidente-entre-carro-e-caminhao-na-sp-294-em-adamantina\/acidente2-3\/\"><img loading=\"lazy\" decoding=\"async\" title=\"acidente2\" src=\"https:\/\/i0.wp.com\/ifolharegional.com.br\/wp-content\/uploads\/2022\/02\/acidente2.jpg?w=490&amp;h=367&amp;ssl=1\" alt=\"acidente2\" width=\"490\" height=\"367\" data-attachment-id=\"51240\" data-orig-file=\"https:\/\/ifolharegional.com.br\/wp-content\/uploads\/2022\/02\/acidente2.jpg\" data-orig-size=\"500,375\" data-comments-opened=\"\" data-image-meta=\"{&quot;aperture&quot;:&quot;0&quot;,&quot;credit&quot;:&quot;&quot;,&quot;camera&quot;:&quot;&quot;,&quot;caption&quot;:&quot;&quot;,&quot;created_timestamp&quot;:&quot;0&quot;,&quot;copyright&quot;:&quot;&quot;,&quot;focal_length&quot;:&quot;0&quot;,&quot;iso&quot;:&quot;0&quot;,&quot;shutter_speed&quot;:&quot;0&quot;,&quot;title&quot;:&quot;&quot;,&quot;orientation&quot;:&quot;1&quot;}\" data-image-title=\"acidente2\" data-image-description=\"\" data-medium-file=\"https:\/\/i0.wp.com\/ifolharegional.com.br\/wp-content\/uploads\/2022\/02\/acidente2.jpg?fit=300%2C225&amp;ssl=1\" data-large-file=\"https:\/\/i0.wp.com\/ifolharegional.com.br\/wp-content\/uploads\/2022\/02\/acidente2.jpg?fit=500%2C375&amp;ssl=1\" data-original-width=\"490\" data-original-height=\"367\" \/><\/a><\/div>\n<\/div>\n<div class=\"gallery-group images-2\" data-original-width=\"246\" data-original-height=\"371\">\n<div class=\"tiled-gallery-item tiled-gallery-item-small\"><a href=\"https:\/\/ifolharegional.com.br\/2022\/02\/22\/mulher-fica-ferida-em-acidente-entre-carro-e-caminhao-na-sp-294-em-adamantina\/acidente3-2\/\"><img loading=\"lazy\" decoding=\"async\" title=\"acidente3\" src=\"https:\/\/i0.wp.com\/ifolharegional.com.br\/wp-content\/uploads\/2022\/02\/acidente3.jpg?w=242&amp;h=182&amp;ssl=1\" alt=\"acidente3\" width=\"242\" height=\"182\" data-attachment-id=\"51241\" data-orig-file=\"https:\/\/ifolharegional.com.br\/wp-content\/uploads\/2022\/02\/acidente3.jpg\" data-orig-size=\"500,375\" data-comments-opened=\"\" data-image-meta=\"{&quot;aperture&quot;:&quot;0&quot;,&quot;credit&quot;:&quot;&quot;,&quot;camera&quot;:&quot;&quot;,&quot;caption&quot;:&quot;&quot;,&quot;created_timestamp&quot;:&quot;0&quot;,&quot;copyright&quot;:&quot;&quot;,&quot;focal_length&quot;:&quot;0&quot;,&quot;iso&quot;:&quot;0&quot;,&quot;shutter_speed&quot;:&quot;0&quot;,&quot;title&quot;:&quot;&quot;,&quot;orientation&quot;:&quot;1&quot;}\" data-image-title=\"acidente3\" data-image-description=\"\" data-medium-file=\"https:\/\/i0.wp.com\/ifolharegional.com.br\/wp-content\/uploads\/2022\/02\/acidente3.jpg?fit=300%2C225&amp;ssl=1\" data-large-file=\"https:\/\/i0.wp.com\/ifolharegional.com.br\/wp-content\/uploads\/2022\/02\/acidente3.jpg?fit=500%2C375&amp;ssl=1\" data-original-width=\"242\" data-original-height=\"182\" \/><\/a><\/div>\n<div class=\"tiled-gallery-item tiled-gallery-item-small\"><a href=\"https:\/\/ifolharegional.com.br\/2022\/02\/22\/mulher-fica-ferida-em-acidente-entre-carro-e-caminhao-na-sp-294-em-adamantina\/acidente4\/\"><img loading=\"lazy\" decoding=\"async\" title=\"acidente4\" src=\"https:\/\/i0.wp.com\/ifolharegional.com.br\/wp-content\/uploads\/2022\/02\/acidente4.jpg?w=242&amp;h=181&amp;ssl=1\" alt=\"acidente4\" width=\"242\" height=\"181\" data-attachment-id=\"51242\" data-orig-file=\"https:\/\/ifolharegional.com.br\/wp-content\/uploads\/2022\/02\/acidente4.jpg\" data-orig-size=\"500,375\" data-comments-opened=\"\" data-image-meta=\"{&quot;aperture&quot;:&quot;0&quot;,&quot;credit&quot;:&quot;&quot;,&quot;camera&quot;:&quot;&quot;,&quot;caption&quot;:&quot;&quot;,&quot;created_timestamp&quot;:&quot;0&quot;,&quot;copyright&quot;:&quot;&quot;,&quot;focal_length&quot;:&quot;0&quot;,&quot;iso&quot;:&quot;0&quot;,&quot;shutter_speed&quot;:&quot;0&quot;,&quot;title&quot;:&quot;&quot;,&quot;orientation&quot;:&quot;1&quot;}\" data-image-title=\"acidente4\" data-image-description=\"\" data-medium-file=\"https:\/\/i0.wp.com\/ifolharegional.com.br\/wp-content\/uploads\/2022\/02\/acidente4.jpg?fit=300%2C225&amp;ssl=1\" data-large-file=\"https:\/\/i0.wp.com\/ifolharegional.com.br\/wp-content\/uploads\/2022\/02\/acidente4.jpg?fit=500%2C375&amp;ssl=1\" data-original-width=\"242\" data-original-height=\"181\" \/><\/a><\/div>\n<\/div>\n<\/div>\n<\/div>\n<p style=\"text-align: justify;\">Por motivos ainda desconhecidos, houve a colis\u00e3o do Uno com placas de Luc\u00e9lia na traseira do caminh\u00e3o carregado de blocos.<\/p>\n<p style=\"text-align: justify;\">A mulher que estava sozinha no ve\u00edculo ficou ferida e foi socorrida e levada para o Pronto Socorro de Adamantina.<\/p>\n<p style=\"text-align: justify;\">Momentos antes da postagem desta not\u00edcia, nossa reportagem falou com o irm\u00e3o da mulher v\u00edtima do acidente que informou que apesar do susto e dos ferimentos leves, ela passa bem.<\/p>\n<p style=\"text-align: justify;\">O motorista do caminh\u00e3o, al\u00e9m do susto, n\u00e3o sofreu ferimentos.<\/p>\n<p style=\"text-align: justify;\">As causas do acidente v\u00e3o ser apuradas pela Pol\u00edcia Cient\u00edfica.<\/p>\n<p style=\"text-align: justify;\">Atuaram nesta ocorr\u00eancia a Pol\u00edcia Rodovi\u00e1ria, Corpo de Bombeiros e profissionais da concession\u00e1ria Eixo.<\/p>\n<p style=\"text-align: justify;\">Fonte: Folha Regional\/Fotos: Diego Fernandes\/Folha Regional<\/p>\n","protected":false},"excerpt":{"rendered":"<p>Uma mulher ficou ferida em um acidente ocorrido na manh\u00e3 desta ter\u00e7a-feira (22) na Rodovia Comandante Jo\u00e3o Ribeiro de Barros (SP-294) em Adamantina. O acidente ocorreu pr\u00f3ximo da Base da Pol\u00edcia Militar Rodovi\u00e1ria quando um caminh\u00e3o com placas de Pen\u00e1polis e um Uno seguiam no sentido Adamantina \/ Luc\u00e9lia. Por motivos ainda desconhecidos, houve a [&hellip;]<\/p>\n","protected":false},"author":1,"featured_media":60098,"comment_status":"closed","ping_status":"open","sticky":false,"template":"","format":"standard","meta":{"footnotes":""},"categories":[170,110],"tags":[],"class_list":["post-60097","post","type-post","status-publish","format-standard","has-post-thumbnail","hentry","category-acidentes","category-noticiasdestaque"],"_links":{"self":[{"href":"https:\/\/jorgezanoni.com.br\/2019\/wp-json\/wp\/v2\/posts\/60097","targetHints":{"allow":["GET"]}}],"collection":[{"href":"https:\/\/jorgezanoni.com.br\/2019\/wp-json\/wp\/v2\/posts"}],"about":[{"href":"https:\/\/jorgezanoni.com.br\/2019\/wp-json\/wp\/v2\/types\/post"}],"author":[{"embeddable":true,"href":"https:\/\/jorgezanoni.com.br\/2019\/wp-json\/wp\/v2\/users\/1"}],"replies":[{"embeddable":true,"href":"https:\/\/jorgezanoni.com.br\/2019\/wp-json\/wp\/v2\/comments?post=60097"}],"version-history":[{"count":0,"href":"https:\/\/jorgezanoni.com.br\/2019\/wp-json\/wp\/v2\/posts\/60097\/revisions"}],"wp:featuredmedia":[{"embeddable":true,"href":"https:\/\/jorgezanoni.com.br\/2019\/wp-json\/wp\/v2\/media\/60098"}],"wp:attachment":[{"href":"https:\/\/jorgezanoni.com.br\/2019\/wp-json\/wp\/v2\/media?parent=60097"}],"wp:term":[{"taxonomy":"category","embeddable":true,"href":"https:\/\/jorgezanoni.com.br\/2019\/wp-json\/wp\/v2\/categories?post=60097"},{"taxonomy":"post_tag","embeddable":true,"href":"https:\/\/jorgezanoni.com.br\/2019\/wp-json\/wp\/v2\/tags?post=60097"}],"curies":[{"name":"wp","href":"https:\/\/api.w.org\/{rel}","templated":true}]}}