{"id":60089,"date":"2022-02-22T22:30:25","date_gmt":"2022-02-22T22:30:25","guid":{"rendered":"https:\/\/jorgezanoni.com.br\/2019\/?p=60089"},"modified":"2022-02-22T22:30:25","modified_gmt":"2022-02-22T22:30:25","slug":"trabalhador-morre-soterrado-em-obra-em-presidente-prudente","status":"publish","type":"post","link":"https:\/\/jorgezanoni.com.br\/2019\/trabalhador-morre-soterrado-em-obra-em-presidente-prudente\/","title":{"rendered":"Trabalhador morre soterrado em obra em Presidente Prudente"},"content":{"rendered":"<div class=\"mc-column content-text active-extra-styles \" data-block-type=\"unstyled\" data-block-weight=\"33\" data-block-id=\"2\">\n<p class=\"content-text__container \" style=\"text-align: justify;\" data-track-category=\"Link no Texto\" data-track-links=\"\">Um trabalhador, de 36 anos, morreu soterrado na tarde desta ter\u00e7a-feira (22) enquanto atuava em uma obra da constru\u00e7\u00e3o civil no loteamento do bairro Residencial Annita Bongiovani, na zona oeste\u00a0<a href=\"https:\/\/g1.globo.com\/sp\/presidente-prudente-regiao\/cidade\/presidente-prudente\/\">de Presidente Prude<\/a><a href=\"https:\/\/g1.globo.com\/sp\/presidente-prudente-regiao\/cidade\/presidente-prudente\/\">nte<\/a>(SP).<\/p>\n<\/div>\n<div class=\"wall protected-content\">\n<div class=\"mc-column content-text active-extra-styles \" style=\"text-align: justify;\" data-block-type=\"unstyled\" data-block-weight=\"24\" data-block-id=\"3\">\n<p class=\"content-text__container \" data-track-category=\"Link no Texto\" data-track-links=\"\">A v\u00edtima foi identificada como Ricardo Rodrigues da Silva. Ele trabalhava na obra como encarregado de setor. Era casado e pai de duas crian\u00e7as.<\/p>\n<\/div>\n<div class=\"mc-column content-text active-extra-styles \" style=\"text-align: justify;\" data-block-type=\"unstyled\" data-block-weight=\"24\" data-block-id=\"4\">\n<p class=\"content-text__container \" data-track-category=\"Link no Texto\" data-track-links=\"\">De acordo com as informa\u00e7\u00f5es fornecidas pelo Corpo de Bombeiros, a v\u00edtima ficou cerca de 50 minutos completamente soterrada a cinco metros de profundidade.<\/p>\n<\/div>\n<div class=\"mc-column content-text active-extra-styles \" style=\"text-align: justify;\" data-block-type=\"unstyled\" data-block-weight=\"18\" data-block-id=\"5\">\n<p class=\"content-text__container \" data-track-category=\"Link no Texto\" data-track-links=\"\">Os bombeiros retiraram o trabalhador do local e o encaminharam ao Hospital Regional (HR) para receber atendimento m\u00e9dico.<\/p>\n<\/div>\n<div class=\"mc-column content-text active-extra-styles \" data-block-type=\"unstyled\" data-block-weight=\"13\" data-block-id=\"6\">\n<p class=\"content-text__container \" style=\"text-align: justify;\" data-track-category=\"Link no Texto\" data-track-links=\"\">O homem apresentava um quadro de parada cardiorrespirat\u00f3ria quando foi resgatado pelos bombeiros.<\/p>\n<div class=\"mc-column content-text active-extra-styles \" style=\"text-align: justify;\" data-block-type=\"unstyled\" data-block-weight=\"13\" data-block-id=\"8\">\n<p class=\"content-text__container \" data-track-category=\"Link no Texto\" data-track-links=\"\">Na obra, o trabalhador atuava na constru\u00e7\u00e3o da rede de esgoto do loteamento.<\/p>\n<\/div>\n<div class=\"mc-column content-text active-extra-styles \" style=\"text-align: justify;\" data-block-type=\"unstyled\" data-block-weight=\"72\" data-block-id=\"9\">\n<p class=\"content-text__container \" data-track-category=\"Link no Texto\" data-track-links=\"\">O tenente Marcos Machado, do Corpo de Bombeiros, explicou que quando chegaram ao local as equipes de resgate tentaram descobrir a profundidade em que o trabalhador estava soterrado. Com isso, os bombeiros adotaram o procedimento de sondagem, com o uso de equipamento. Com a percep\u00e7\u00e3o de que a v\u00edtima estava mais abaixo, os socorristas passaram a contar com a ajuda de uma m\u00e1quina retroescavadeira, que fez a retirada de terra da vala.<\/p>\n<\/div>\n<div class=\"mc-column content-text active-extra-styles \" style=\"text-align: justify;\" data-block-type=\"unstyled\" data-block-weight=\"21\" data-block-id=\"10\">\n<p class=\"content-text__container \" data-track-category=\"Link no Texto\" data-track-links=\"\">Durante a sondagem, os socorristas perceberam onde a v\u00edtima estava e conseguiram retir\u00e1-la do buraco em um quadro de parada cardiorrespirat\u00f3ria.<\/p>\n<\/div>\n<div class=\"mc-column content-text active-extra-styles \" style=\"text-align: justify;\" data-block-type=\"unstyled\" data-block-weight=\"10\" data-block-id=\"11\">\n<p class=\"content-text__container \" data-track-category=\"Link no Texto\" data-track-links=\"\">O trabalhador foi levado ao HR para receber atendimento m\u00e9dico.<\/p>\n<\/div>\n<div class=\"mc-column content-text active-extra-styles \" style=\"text-align: justify;\" data-block-type=\"unstyled\" data-block-weight=\"30\" data-block-id=\"12\">\n<p class=\"content-text__container \" data-track-category=\"Link no Texto\" data-track-links=\"\">Um dos trabalhadores da obra que estava com a v\u00edtima quando ocorreu o soterramento direcionou as equipes dos bombeiros durante o socorro para concluir o resgate o mais rapidamente poss\u00edvel.<\/p>\n<\/div>\n<div class=\"mc-column content-text active-extra-styles \" data-block-type=\"unstyled\" data-block-weight=\"52\" data-block-id=\"13\">\n<p class=\"content-text__container \" style=\"text-align: justify;\" data-track-category=\"Link no Texto\" data-track-links=\"\">\u201cA gente sabe que nesse tipo de situa\u00e7\u00e3o o soterramento acaba asfixiando a v\u00edtima. N\u00e3o consegue respirar devido ao soterramento. Ent\u00e3o, cada segundo, cada minuto \u00e9 importante. Com essas informa\u00e7\u00f5es, a gente conseguiu chegar o mais rapidamente poss\u00edvel at\u00e9 ela e realizamos o socorro at\u00e9 o hospital\u201d, disse o tenente Marcos Machado.<\/p>\n<p class=\"content-text__container \" style=\"text-align: justify;\" data-track-category=\"Link no Texto\" data-track-links=\"\"><strong><span style=\"font-style: italic; text-align: center;\">Infelizmente, essa terra que acabou vindo sobre a v\u00edtima \u00e9 a terra de retirada para realiza\u00e7\u00e3o da obra. Foram esses montes de terra que cederam sobre o trabalhador. Infelizmente, esse tipo de situa\u00e7\u00e3o impede o que a gente chama de bolha de sobreviv\u00eancia, onde ela poderia se manter viva, respirando. Nesse cen\u00e1rio aqui, a terra ocupa todo o espa\u00e7o, n\u00e3o permitindo que a v\u00edtima respire, o que \u00e9 ainda mais dificultoso o trabalho e para a sobreviv\u00eancia dela\u201d, salientou o oficial do Corpo de Bombeiros.<\/span><\/strong><\/p>\n<div class=\"mc-column content-text active-extra-styles \" style=\"text-align: justify;\" data-block-type=\"unstyled\" data-block-weight=\"43\" data-block-id=\"16\">\n<p class=\"content-text__container \" data-track-category=\"Link no Texto\" data-track-links=\"\">De acordo com o tenente Machado, o trabalhador foi surpreendido porque ele estava praticamente em p\u00e9 dentro da vala em que ocorreu o soterramento. Ele n\u00e3o deitou junto com a terra e ficou em p\u00e9, mas estava em um local de dif\u00edcil acesso.<\/p>\n<\/div>\n<div class=\"mc-column content-text active-extra-styles \" style=\"text-align: justify;\" data-block-type=\"unstyled\" data-block-weight=\"13\" data-block-id=\"17\">\n<p class=\"content-text__container \" data-track-category=\"Link no Texto\" data-track-links=\"\">\u201cPor isso, a gente demandou um pouco de tempo\u201d, frisou o tenente.<\/p>\n<\/div>\n<div class=\"mc-column content-text active-extra-styles \" style=\"text-align: justify;\" data-block-type=\"unstyled\" data-block-weight=\"19\" data-block-id=\"18\">\n<p class=\"content-text__container \" data-track-category=\"Link no Texto\" data-track-links=\"\">Machado ressaltou tamb\u00e9m a import\u00e2ncia do trabalho de sondagem para evitar que a retroescavadeira machucasse ainda mais a v\u00edtima.<\/p>\n<\/div>\n<div class=\"mc-column content-text active-extra-styles \" style=\"text-align: justify;\" data-block-type=\"unstyled\" data-block-weight=\"16\" data-block-id=\"19\">\n<p class=\"content-text__container \" data-track-category=\"Link no Texto\" data-track-links=\"\">\u201cEnt\u00e3o, \u00e9 um trabalho minucioso para que a gente tente evitar o agravamento dos ferimentos\u201d, pontuou.<\/p>\n<\/div>\n<div class=\"mc-column content-text active-extra-styles \" style=\"text-align: justify;\" data-block-type=\"unstyled\" data-block-weight=\"38\" data-block-id=\"20\">\n<p class=\"content-text__container \" data-track-category=\"Link no Texto\" data-track-links=\"\">A v\u00edtima foi compactada com a terra e, quando os bombeiros a localizaram, n\u00e3o estava f\u00e1cil a retirada. Por isso, os socorristas tiveram de retirar a terra do entorno da v\u00edtima para conseguir resgatar o trabalhador do buraco.<\/p>\n<\/div>\n<div class=\"mc-column content-text active-extra-styles \" style=\"text-align: justify;\" data-block-type=\"unstyled\" data-block-weight=\"14\" data-block-id=\"21\">\n<p class=\"content-text__container \" data-track-category=\"Link no Texto\" data-track-links=\"\">Em nota ao\u00a0<a href=\"https:\/\/g1.globo.com\/sp\/presidente-prudente-regiao\/\"><strong>g1<\/strong><\/a>, o HR informou que o \u00f3bito foi constatado \u00e0s 16h37.<\/p>\n<\/div>\n<div class=\"mc-column content-text active-extra-styles \" style=\"text-align: justify;\" data-block-type=\"unstyled\" data-block-weight=\"29\" data-block-id=\"22\">\n<p class=\"content-text__container \" data-track-category=\"Link no Texto\" data-track-links=\"\">As empresas respons\u00e1veis pela obra divulgaram uma nota oficial na qual informaram que ir\u00e3o aguardar as conclus\u00f5es dos trabalhos t\u00e9cnicos que apontar\u00e3o as causas do acidente. Veja a \u00edntegra:<\/p>\n<\/div>\n<div class=\"mc-column content-text active-extra-styles \" data-block-type=\"unstyled\" data-block-weight=\"75\" data-block-id=\"23\">\n<p class=\"content-text__container \" style=\"text-align: justify;\" data-track-category=\"Link no Texto\" data-track-links=\"\"><em>\u201cAs empresas Incorporadora Mampei Funada, Protenge Urbanismo e Ind Empreendimentos Infraestrutura e Terraplanagem lamentam o acidente ocorrido na data de hoje, que vitimou o Sr. Ricardo Rodrigues da Silva, colaborador da empresa Ind Empreendimentos Infraestrutura e Terraplanagem, contratada para a execu\u00e7\u00e3o das obras de infraestrutura do empreendimento Residencial Annita Bongiovanni. Externamos os nossos sinceros sentimentos a todos os familiares e amigos da v\u00edtima. Aguardaremos as conclus\u00f5es dos trabalhos t\u00e9cnicos que apontar\u00e3o as causas do acidente\u201d.<\/em><\/p>\n<div class=\"mc-column content-text active-extra-styles\" style=\"text-align: justify;\" data-block-type=\"raw\" data-block-weight=\"3\" data-block-id=\"26\">\n<div class=\"content-intertitle\">\n<h2>Reparo na tubula\u00e7\u00e3o<\/h2>\n<\/div>\n<\/div>\n<div class=\"mc-column content-text active-extra-styles \" style=\"text-align: justify;\" data-block-type=\"unstyled\" data-block-weight=\"45\" data-block-id=\"27\">\n<p class=\"content-text__container \" data-track-category=\"Link no Texto\" data-track-links=\"\">De acordo com o Boletim de Ocorr\u00eancia registrado na Delegacia Participativa da Pol\u00edcia Civil, um trabalhador, de 37 anos, que testemunhou o soterramento, contou que estava com a v\u00edtima dentro do buraco, onde fizeram a passagem da tubula\u00e7\u00e3o de esgoto e realizaram a solda pl\u00e1stica.<\/p>\n<\/div>\n<div class=\"mc-column content-text active-extra-styles \" style=\"text-align: justify;\" data-block-type=\"unstyled\" data-block-weight=\"32\" data-block-id=\"28\">\n<p class=\"content-text__container \" data-track-category=\"Link no Texto\" data-track-links=\"\">Ao terminar o servi\u00e7o, ainda segundo o Boletim de Ocorr\u00eancia, a testemunha j\u00e1 estava subindo a escada, quando a v\u00edtima olhou e notou que a tubula\u00e7\u00e3o estava deslocada e voltou para repar\u00e1-la.<\/p>\n<\/div>\n<div class=\"mc-column content-text active-extra-styles \" style=\"text-align: justify;\" data-block-type=\"unstyled\" data-block-weight=\"15\" data-block-id=\"29\">\n<p class=\"content-text__container \" data-track-category=\"Link no Texto\" data-track-links=\"\">No entanto, quando o trabalhador abaixou-se para fazer o reparo, houve o desmoronamento de terra.<\/p>\n<\/div>\n<div class=\"mc-column content-text active-extra-styles \" data-block-type=\"unstyled\" data-block-weight=\"21\" data-block-id=\"30\">\n<p class=\"content-text__container \" style=\"text-align: justify;\" data-track-category=\"Link no Texto\" data-track-links=\"\">De imediato, j\u00e1 foi solicitada ajuda para a retirada da terra, por\u00e9m, o trabalhador permaneceu soterrado por pelo menos 50 minutos.<\/p>\n<div class=\"mc-column content-text active-extra-styles \" style=\"text-align: justify;\" data-block-type=\"unstyled\" data-block-weight=\"29\" data-block-id=\"32\">\n<p class=\"content-text__container \" data-track-category=\"Link no Texto\" data-track-links=\"\">Depois do resgate do trabalhador, os bombeiros ainda fizeram as manobras de ressuscita\u00e7\u00e3o e o encaminharam ao Hospital Regional, onde j\u00e1 chegou sem vida, segundo o Boletim de Ocorr\u00eancia.<\/p>\n<\/div>\n<div class=\"mc-column content-text active-extra-styles \" style=\"text-align: justify;\" data-block-type=\"unstyled\" data-block-weight=\"10\" data-block-id=\"33\">\n<p class=\"content-text__container \" data-track-category=\"Link no Texto\" data-track-links=\"\">A Pol\u00edcia Cient\u00edfica esteve no local para realizar a per\u00edcia.<\/p>\n<\/div>\n<div class=\"mc-column content-text active-extra-styles \" style=\"text-align: justify;\" data-block-type=\"unstyled\" data-block-weight=\"7\" data-block-id=\"34\">\n<p class=\"content-text__container \" data-track-category=\"Link no Texto\" data-track-links=\"\">A v\u00edtima foi submetida ao exame necrosc\u00f3pico.<\/p>\n<\/div>\n<div class=\"row medium-uncollapsed content-media content-photo\" style=\"text-align: justify;\" data-block-type=\"backstage-photo\" data-block-id=\"35\">\n<div class=\"mc-column content-media__container\">\n<div class=\"content-media-container glb-skeleton-box\">\n<figure class=\"content-media-figure\"><img decoding=\"async\" class=\"i-amphtml-fill-content i-amphtml-replaced-content\" src=\"https:\/\/s2.glbimg.com\/eeHUyz8LIsJs1g-Rpf2kYmTXGXg=\/0x0:1600x1201\/984x0\/smart\/filters:strip_icc()\/i.s3.glbimg.com\/v1\/AUTH_59edd422c0c84a879bd37670ae4f538a\/internal_photos\/bs\/2022\/B\/X\/pNUiKAT7OxR6lMJgsjWg\/soterra-10.jpg\" sizes=\"(max-width: 1366px) 648px, 100vw\" srcset=\"https:\/\/s2.glbimg.com\/JzDBAi2m_tsk2YmE8ke-2pwNWqs=\/0x0:1600x1201\/1000x0\/smart\/filters:strip_icc()\/i.s3.glbimg.com\/v1\/AUTH_59edd422c0c84a879bd37670ae4f538a\/internal_photos\/bs\/2022\/B\/X\/pNUiKAT7OxR6lMJgsjWg\/soterra-10.jpg 1000w, https:\/\/s2.glbimg.com\/eeHUyz8LIsJs1g-Rpf2kYmTXGXg=\/0x0:1600x1201\/984x0\/smart\/filters:strip_icc()\/i.s3.glbimg.com\/v1\/AUTH_59edd422c0c84a879bd37670ae4f538a\/internal_photos\/bs\/2022\/B\/X\/pNUiKAT7OxR6lMJgsjWg\/soterra-10.jpg 984w, https:\/\/s2.glbimg.com\/ihMB_Za1BnQhwMFMir9BqIUVvh8=\/0x0:1600x1201\/640x0\/smart\/filters:strip_icc()\/i.s3.glbimg.com\/v1\/AUTH_59edd422c0c84a879bd37670ae4f538a\/internal_photos\/bs\/2022\/B\/X\/pNUiKAT7OxR6lMJgsjWg\/soterra-10.jpg 640w, https:\/\/s2.glbimg.com\/U1Nz6uZ8nkiXusF9ndsYjL__SYE=\/0x0:1600x1201\/600x0\/smart\/filters:strip_icc()\/i.s3.glbimg.com\/v1\/AUTH_59edd422c0c84a879bd37670ae4f538a\/internal_photos\/bs\/2022\/B\/X\/pNUiKAT7OxR6lMJgsjWg\/soterra-10.jpg 600w\" alt=\"Trabalhador morreu soterrado em Presidente Prudente (SP) \u2014 Foto: Murilo Zara\/TV Fronteira\" \/><\/figure>\n<\/div>\n<p class=\"content-media__description \">Trabalhador morreu soterrado em Presidente Prudente (SP) \u2014 Foto: Murilo Zara\/TV Fronteira<\/p>\n<\/div>\n<\/div>\n<div class=\"row medium-uncollapsed content-media content-photo\" data-block-type=\"backstage-photo\" data-block-id=\"36\">\n<div class=\"mc-column content-media__container\">\n<div class=\"content-media-container glb-skeleton-box\" style=\"text-align: justify;\">\n<figure class=\"content-media-figure\"><img decoding=\"async\" class=\"i-amphtml-fill-content i-amphtml-replaced-content\" src=\"https:\/\/s2.glbimg.com\/QKvri0PzowqeLn-jYy71Z_Qjmgs=\/0x0:1600x1201\/984x0\/smart\/filters:strip_icc()\/i.s3.glbimg.com\/v1\/AUTH_59edd422c0c84a879bd37670ae4f538a\/internal_photos\/bs\/2022\/p\/h\/EeY9MFRVOvUByrNi33Fw\/soterra-11.jpg\" sizes=\"(max-width: 1366px) 648px, 100vw\" srcset=\"https:\/\/s2.glbimg.com\/IJEVaBNIQm23DE34CaWe-H5q-3w=\/0x0:1600x1201\/1000x0\/smart\/filters:strip_icc()\/i.s3.glbimg.com\/v1\/AUTH_59edd422c0c84a879bd37670ae4f538a\/internal_photos\/bs\/2022\/p\/h\/EeY9MFRVOvUByrNi33Fw\/soterra-11.jpg 1000w, https:\/\/s2.glbimg.com\/QKvri0PzowqeLn-jYy71Z_Qjmgs=\/0x0:1600x1201\/984x0\/smart\/filters:strip_icc()\/i.s3.glbimg.com\/v1\/AUTH_59edd422c0c84a879bd37670ae4f538a\/internal_photos\/bs\/2022\/p\/h\/EeY9MFRVOvUByrNi33Fw\/soterra-11.jpg 984w, https:\/\/s2.glbimg.com\/obapKOVwTGpRA5gcsAHlVicd1Ig=\/0x0:1600x1201\/640x0\/smart\/filters:strip_icc()\/i.s3.glbimg.com\/v1\/AUTH_59edd422c0c84a879bd37670ae4f538a\/internal_photos\/bs\/2022\/p\/h\/EeY9MFRVOvUByrNi33Fw\/soterra-11.jpg 640w, https:\/\/s2.glbimg.com\/-GVB18PYxqnE-8I1GRJquT288Uw=\/0x0:1600x1201\/600x0\/smart\/filters:strip_icc()\/i.s3.glbimg.com\/v1\/AUTH_59edd422c0c84a879bd37670ae4f538a\/internal_photos\/bs\/2022\/p\/h\/EeY9MFRVOvUByrNi33Fw\/soterra-11.jpg 600w\" alt=\"Trabalhador morreu soterrado em Presidente Prudente (SP) \u2014 Foto: Murilo Zara\/TV Fronteira\" \/><\/figure>\n<\/div>\n<p class=\"content-media__description \" style=\"text-align: justify;\">Trabalhador morreu soterrado em Presidente Prudente (SP) \u2014 Foto: Murilo Zara\/TV Fronteira<\/p>\n<p style=\"text-align: justify;\">Fonte: https:\/\/g1.globo.com\/sp\/presidente-prudente-regiao\/noticia\/2022\/02\/22\/trabalhador-soterrado-obra-presidente-prudente.ghtml<\/p>\n<\/div>\n<\/div>\n<\/div>\n<\/div>\n<\/div>\n<div class=\"mc-column content-text active-extra-styles\" data-block-type=\"raw\" data-block-weight=\"85\" data-block-id=\"14\"><\/div>\n<\/div>\n<\/div>\n","protected":false},"excerpt":{"rendered":"<p>Um trabalhador, de 36 anos, morreu soterrado na tarde desta ter\u00e7a-feira (22) enquanto atuava em uma obra da constru\u00e7\u00e3o civil no loteamento do bairro Residencial Annita Bongiovani, na zona oeste\u00a0de Presidente Prudente(SP). A v\u00edtima foi identificada como Ricardo Rodrigues da Silva. Ele trabalhava na obra como encarregado de setor. Era casado e pai de duas [&hellip;]<\/p>\n","protected":false},"author":1,"featured_media":60090,"comment_status":"closed","ping_status":"open","sticky":false,"template":"","format":"standard","meta":{"footnotes":""},"categories":[110,2],"tags":[],"class_list":["post-60089","post","type-post","status-publish","format-standard","has-post-thumbnail","hentry","category-noticiasdestaque","category-policial"],"_links":{"self":[{"href":"https:\/\/jorgezanoni.com.br\/2019\/wp-json\/wp\/v2\/posts\/60089","targetHints":{"allow":["GET"]}}],"collection":[{"href":"https:\/\/jorgezanoni.com.br\/2019\/wp-json\/wp\/v2\/posts"}],"about":[{"href":"https:\/\/jorgezanoni.com.br\/2019\/wp-json\/wp\/v2\/types\/post"}],"author":[{"embeddable":true,"href":"https:\/\/jorgezanoni.com.br\/2019\/wp-json\/wp\/v2\/users\/1"}],"replies":[{"embeddable":true,"href":"https:\/\/jorgezanoni.com.br\/2019\/wp-json\/wp\/v2\/comments?post=60089"}],"version-history":[{"count":0,"href":"https:\/\/jorgezanoni.com.br\/2019\/wp-json\/wp\/v2\/posts\/60089\/revisions"}],"wp:featuredmedia":[{"embeddable":true,"href":"https:\/\/jorgezanoni.com.br\/2019\/wp-json\/wp\/v2\/media\/60090"}],"wp:attachment":[{"href":"https:\/\/jorgezanoni.com.br\/2019\/wp-json\/wp\/v2\/media?parent=60089"}],"wp:term":[{"taxonomy":"category","embeddable":true,"href":"https:\/\/jorgezanoni.com.br\/2019\/wp-json\/wp\/v2\/categories?post=60089"},{"taxonomy":"post_tag","embeddable":true,"href":"https:\/\/jorgezanoni.com.br\/2019\/wp-json\/wp\/v2\/tags?post=60089"}],"curies":[{"name":"wp","href":"https:\/\/api.w.org\/{rel}","templated":true}]}}