{"id":6007,"date":"2019-09-12T22:28:36","date_gmt":"2019-09-12T22:28:36","guid":{"rendered":"https:\/\/jorgezanoni.com.br\/2019\/?p=6007"},"modified":"2019-09-12T22:28:36","modified_gmt":"2019-09-12T22:28:36","slug":"secretaria-de-saude-de-tupi-paulista-anuncia-o-primeiro-caso-de-sarampo-em-crianca","status":"publish","type":"post","link":"https:\/\/jorgezanoni.com.br\/2019\/secretaria-de-saude-de-tupi-paulista-anuncia-o-primeiro-caso-de-sarampo-em-crianca\/","title":{"rendered":"Secretaria de Sa\u00fade de Tupi Paulista anuncia o primeiro caso de sarampo em crian\u00e7a"},"content":{"rendered":"<div style=\"text-align: justify;\">A Secretaria Municipal de Sa\u00fade de Tupi Paulista confirmou nesta \u00a0quinta-feira, o primeiro caso confirmado de sarampo em crian\u00e7a. As informa\u00e7\u00f5es foram repassadas atrav\u00e9s da coordenadora da Vigil\u00e2ncia Epidemiol\u00f3gica do munic\u00edpio, Edilene Lima de Oliveira e confirmadas pela Secret\u00e1ria de Sa\u00fade M\u00e1rcia Mattos.<\/div>\n<div style=\"text-align: justify;\"><\/div>\n<div style=\"text-align: justify;\">O paciente \u00e9 um beb\u00ea de aproximadamente um ano de idade morador no Jardim Aparecida.<\/div>\n<div style=\"text-align: justify;\"><\/div>\n<div style=\"text-align: justify;\">H\u00e1 alguns meses as autoridades de sa\u00fade do munic\u00edpio, receberam a informa\u00e7\u00e3o sobre a suspeita de que em uma creche da cidade havia a suspeita de que uma crian\u00e7a teria contra\u00eddo a doen\u00e7a. O caso passou a ser investigado e as medidas de bloqueio foram devidamente tomadas.<\/div>\n<div style=\"text-align: justify;\"><\/div>\n<div style=\"text-align: justify;\">Ap\u00f3s v\u00e1rios exames laboratoriais realizados na crian\u00e7a, amostras foram encaminhadas ao Instituto Adolf Luther em S\u00e3o Paulo. Os resultados chegaram nesta quarta-feira e confirmaram o diagnostico da doen\u00e7a.<\/div>\n<div style=\"text-align: justify;\"><\/div>\n<div style=\"text-align: justify;\">Segundo a Secret\u00e1ria M\u00e1rcia Mattos um trabalho de amplia\u00e7\u00e3o de bloqueio ser\u00e1 realizado no Bairro onde a crian\u00e7a reside, avaliando a caderneta de vacina\u00e7\u00e3o dos residentes do local e uma intensifica\u00e7\u00e3o de bloqueio na creche.<\/div>\n<div style=\"text-align: justify;\"><\/div>\n<div style=\"text-align: justify;\">Qualquer d\u00favida orienta-se que os moradores procurem a unidade b\u00e1sica de sa\u00fade do bairro para maiores esclarecimentos.<\/div>\n<div style=\"text-align: justify;\"><\/div>\n<div style=\"text-align: justify;\">O que \u00e9 Sarampo?<\/div>\n<div style=\"text-align: justify;\">Sarampo \u00e9 uma doen\u00e7a viral infecciosa, transmiss\u00edvel e extremamente contagiosa, que pode evoluir com complica\u00e7\u00f5es e \u00f3bitos, particularmente em crian\u00e7as desnutridas e menores de 05 anos de idade.<\/div>\n<div style=\"text-align: justify;\"><\/div>\n<div style=\"text-align: justify;\">Como ocorre a transmiss\u00e3o?<\/div>\n<div style=\"text-align: justify;\">A transmiss\u00e3o ocorre de pessoa a pessoa, por meio de secre\u00e7\u00f5es respirat\u00f3rias, no per\u00edodo de quatro a seis dias antes do aparecimento do exantema (erup\u00e7\u00e3o de pele geralmente avermelhada) e at\u00e9 quatro dias depois do aparecimento do exantema.<\/div>\n<div style=\"text-align: justify;\"><\/div>\n<div style=\"text-align: justify;\">Quais s\u00e3o os sinais e sintomas?<\/div>\n<div style=\"text-align: justify;\">Febre alta acima de 38,5\u00baC, manchas vermelhas que come\u00e7am na cabe\u00e7a se estendem para os demais membros do corpo (fig 1), irrita\u00e7\u00e3o na pele, tosse seca (inicialmente), coriza e conjuntivite sem secre\u00e7\u00e3o e manchas de Koplik (fig 2)(pequenos pontos brancos amarelados na mucosa bucal).<\/div>\n<div style=\"text-align: justify;\"><\/div>\n<div style=\"text-align: justify;\">Como prevenir o sarampo?<\/div>\n<div style=\"text-align: justify;\">O sarampo \u00e9 uma doen\u00e7a preven\u00edvel por vacina\u00e7\u00e3o. Os crit\u00e9rios de indica\u00e7\u00e3o da vacina s\u00e3o revisados periodicamente pelo Minist\u00e9rio da Sa\u00fade e levam em conta: caracter\u00edsticas cl\u00ednicas da doen\u00e7a, idade, ter adoecido por sarampo durante a vida, ocorr\u00eancia de surtos, al\u00e9m de outros aspectos epidemiol\u00f3gicos.<\/div>\n<div style=\"text-align: justify;\"><\/div>\n<div style=\"text-align: justify;\">O Minist\u00e9rio da Sa\u00fade recomenda a vacina\u00e7\u00e3o das crian\u00e7as de 6 a 11 meses de idade contra o sarampo, com uma dose da vacina tr\u00edplice viral.<\/div>\n<div style=\"text-align: justify;\"><\/div>\n<div style=\"text-align: justify;\">Considerando a nota informativa n\u00ba 191\/2019-CGPNI\/DEIDT\/SVS\/MS, com recomenda\u00e7\u00f5es que todas as crian\u00e7as de 6 a 11 meses de idade dever\u00e3o ser vacinadas.<\/div>\n<div style=\"text-align: justify;\"><\/div>\n<div style=\"text-align: justify;\">Assessoria de Comunica\u00e7\u00e3o<\/div>\n<div style=\"text-align: justify;\">Prefeitura de Tupi Paulista<\/div>\n","protected":false},"excerpt":{"rendered":"<p>A Secretaria Municipal de Sa\u00fade de Tupi Paulista confirmou nesta \u00a0quinta-feira, o primeiro caso confirmado de sarampo em crian\u00e7a. As informa\u00e7\u00f5es foram repassadas atrav\u00e9s da coordenadora da Vigil\u00e2ncia Epidemiol\u00f3gica do munic\u00edpio, Edilene Lima de Oliveira e confirmadas pela Secret\u00e1ria de Sa\u00fade M\u00e1rcia Mattos. O paciente \u00e9 um beb\u00ea de aproximadamente um ano de idade morador [&hellip;]<\/p>\n","protected":false},"author":1,"featured_media":6008,"comment_status":"closed","ping_status":"open","sticky":false,"template":"","format":"standard","meta":{"footnotes":""},"categories":[110,122],"tags":[],"class_list":["post-6007","post","type-post","status-publish","format-standard","has-post-thumbnail","hentry","category-noticiasdestaque","category-saudeeducacaoeconcurso"],"_links":{"self":[{"href":"https:\/\/jorgezanoni.com.br\/2019\/wp-json\/wp\/v2\/posts\/6007","targetHints":{"allow":["GET"]}}],"collection":[{"href":"https:\/\/jorgezanoni.com.br\/2019\/wp-json\/wp\/v2\/posts"}],"about":[{"href":"https:\/\/jorgezanoni.com.br\/2019\/wp-json\/wp\/v2\/types\/post"}],"author":[{"embeddable":true,"href":"https:\/\/jorgezanoni.com.br\/2019\/wp-json\/wp\/v2\/users\/1"}],"replies":[{"embeddable":true,"href":"https:\/\/jorgezanoni.com.br\/2019\/wp-json\/wp\/v2\/comments?post=6007"}],"version-history":[{"count":0,"href":"https:\/\/jorgezanoni.com.br\/2019\/wp-json\/wp\/v2\/posts\/6007\/revisions"}],"wp:featuredmedia":[{"embeddable":true,"href":"https:\/\/jorgezanoni.com.br\/2019\/wp-json\/wp\/v2\/media\/6008"}],"wp:attachment":[{"href":"https:\/\/jorgezanoni.com.br\/2019\/wp-json\/wp\/v2\/media?parent=6007"}],"wp:term":[{"taxonomy":"category","embeddable":true,"href":"https:\/\/jorgezanoni.com.br\/2019\/wp-json\/wp\/v2\/categories?post=6007"},{"taxonomy":"post_tag","embeddable":true,"href":"https:\/\/jorgezanoni.com.br\/2019\/wp-json\/wp\/v2\/tags?post=6007"}],"curies":[{"name":"wp","href":"https:\/\/api.w.org\/{rel}","templated":true}]}}