{"id":60056,"date":"2022-02-21T23:15:33","date_gmt":"2022-02-21T23:15:33","guid":{"rendered":"https:\/\/jorgezanoni.com.br\/2019\/?p=60056"},"modified":"2022-02-21T23:15:33","modified_gmt":"2022-02-21T23:15:33","slug":"policia-civil-conclui-inquerito-sobre-incendio-em-barracao-da-cooperativa-de-reciclagem-de-dracena","status":"publish","type":"post","link":"https:\/\/jorgezanoni.com.br\/2019\/policia-civil-conclui-inquerito-sobre-incendio-em-barracao-da-cooperativa-de-reciclagem-de-dracena\/","title":{"rendered":"Pol\u00edcia Civil conclui inqu\u00e9rito sobre inc\u00eandio em barrac\u00e3o da Cooperativa de Reciclagem de Dracena"},"content":{"rendered":"<p style=\"text-align: justify;\"><strong>POL\u00cdCIA CIVIL CONCLUI INQU\u00c9RITO SOBRE INC\u00c9NDIO EM BARRAC\u00c3O DE COOPERATIVA DE RECICLAGEM DE DRACENA E INDICIA HOMEM SUSPEITO PELO CRIME DE INC\u00c9NDIO.<\/strong><\/p>\n<p style=\"text-align: justify;\">O inc\u00eandio criminoso ocorreu em mar\u00e7o do ano passado, destruiu dois barrac\u00f5es e equipamentos da cooperativa, causando preju\u00edzo estimado em R$ 290 mil. O suspeito, um homem, de 37 anos, est\u00e1 preso na Penitenci\u00e1ria Presidente Prudente, em raz\u00e3o da pr\u00e1tica de outros delitos.<\/p>\n<p style=\"text-align: justify;\">A Pol\u00edcia Civil, por interm\u00e9dio das Unidades Especializadas (Delegacia de Investiga\u00e7\u00f5es Gerais &#8211; DIG e Delegacia de Investiga\u00e7\u00e3o Sobre Entorpecentes &#8211; DISE), nesta segunda-feira (21), concluiu o inqu\u00e9rito policial que apurou as circunst\u00e2ncias e autoria de um crime de inc\u00eandio, ocorrido no dia 25 de mar\u00e7o de 2021, por volta das 03hs00min, na Cooperativa de Trabalho e Reciclagem de Res\u00edduos S\u00f3lidos de Dracena \u2013 COTRARES, situada na Estrada Vicinal Jo\u00e3o Ara\u00fajo, altura do KM 07, no munic\u00edpio de Dracena. Segundo a COTRARES, o preju\u00edzo sofrido em decorr\u00eancia do inc\u00eandio, teria sido no importe de cerca de R$ 290 mil.<\/p>\n<p style=\"text-align: justify;\">Ficou apurado que o fogo teve in\u00edcio em um barrac\u00e3o da Cooperativa, no qual abrigava produtos recicl\u00e1veis e inflam\u00e1veis, sendo totalmente consumido pelas chamas.<\/p>\n<p style=\"text-align: justify;\">O boletim de ocorr\u00eancia foi ent\u00e3o, encaminhado para a Especializada e instaurado o inqu\u00e9rito policial para apura\u00e7\u00e3o das circunst\u00e2ncias do fato e esclarecer a autoria do crime.<\/p>\n<p style=\"text-align: justify;\">Nos tr\u00e2mites dos trabalhos de Pol\u00edcia Judiciaria, ap\u00f3s an\u00e1lise das imagens do sistema de seguran\u00e7a do local, o setor de investiga\u00e7\u00e3o da Especializada constatou ind\u00edcios de que o inc\u00eandio foi criminoso.<\/p>\n<p style=\"text-align: justify;\">As testemunhas ouvidas durante a tramita\u00e7\u00e3o do inqu\u00e9rito policial, em sua grande maioria, foram incisivas em afirmar que o suspeito havia amea\u00e7ado colocar fogo no local, em raz\u00e3o de uma discuss\u00e3o anterior, sobre pequenos furtos que o acusado costumava realizar na Cooperativa.<\/p>\n<p style=\"text-align: justify;\">Com a an\u00e1lise dos antecedentes criminais do imputado, aponta anota\u00e7\u00f5es por furtos e em um dos casos a v\u00edtima \u00e9 a pr\u00f3pria Cooperativa.<\/p>\n<p style=\"text-align: justify;\">Com o indiciamento do acusado, foram conclu\u00eddos os atos de Pol\u00edcia Judici\u00e1ria e o respectivo inqu\u00e9rito policial foi encaminhado para a Justi\u00e7a. Atualmente, o homem encontra-se preso na Penitenci\u00e1ria de Presidente Prudente\/SP, em regime semiaberto, em decorr\u00eancia da pr\u00e1tica de outros delitos, em seus antecedentes criminais constam crimes de les\u00e3o corporal, tr\u00e1fico de drogas, furto e estelionato.<\/p>\n<p style=\"text-align: justify;\">A pena prevista para o crime de inc\u00eandio \u00e9 de 03 a 06 anos de reclus\u00e3o, acrescidos de um ter\u00e7o em raz\u00e3o do delito ter sido cometido em edif\u00edcio p\u00fablico ou destinado a uso p\u00fablico ou a obra de assist\u00eancia social ou de cultura.<\/p>\n<p><img loading=\"lazy\" decoding=\"async\" class=\"alignnone size-full wp-image-60057\" src=\"https:\/\/jorgezanoni.com.br\/2019\/wp-content\/uploads\/2022\/02\/recicla.jpg\" alt=\"\" width=\"1280\" height=\"960\" srcset=\"https:\/\/jorgezanoni.com.br\/2019\/wp-content\/uploads\/2022\/02\/recicla.jpg 1280w, https:\/\/jorgezanoni.com.br\/2019\/wp-content\/uploads\/2022\/02\/recicla-300x225.jpg 300w, https:\/\/jorgezanoni.com.br\/2019\/wp-content\/uploads\/2022\/02\/recicla-1024x768.jpg 1024w, https:\/\/jorgezanoni.com.br\/2019\/wp-content\/uploads\/2022\/02\/recicla-768x576.jpg 768w, https:\/\/jorgezanoni.com.br\/2019\/wp-content\/uploads\/2022\/02\/recicla-80x60.jpg 80w, https:\/\/jorgezanoni.com.br\/2019\/wp-content\/uploads\/2022\/02\/recicla-265x198.jpg 265w, https:\/\/jorgezanoni.com.br\/2019\/wp-content\/uploads\/2022\/02\/recicla-696x522.jpg 696w, https:\/\/jorgezanoni.com.br\/2019\/wp-content\/uploads\/2022\/02\/recicla-1068x801.jpg 1068w, https:\/\/jorgezanoni.com.br\/2019\/wp-content\/uploads\/2022\/02\/recicla-560x420.jpg 560w\" sizes=\"auto, (max-width: 1280px) 100vw, 1280px\" \/> <img loading=\"lazy\" decoding=\"async\" class=\"alignnone size-full wp-image-60058\" src=\"https:\/\/jorgezanoni.com.br\/2019\/wp-content\/uploads\/2022\/02\/recicla1.jpg\" alt=\"\" width=\"1156\" height=\"868\" srcset=\"https:\/\/jorgezanoni.com.br\/2019\/wp-content\/uploads\/2022\/02\/recicla1.jpg 1156w, https:\/\/jorgezanoni.com.br\/2019\/wp-content\/uploads\/2022\/02\/recicla1-300x225.jpg 300w, https:\/\/jorgezanoni.com.br\/2019\/wp-content\/uploads\/2022\/02\/recicla1-1024x769.jpg 1024w, https:\/\/jorgezanoni.com.br\/2019\/wp-content\/uploads\/2022\/02\/recicla1-768x577.jpg 768w, https:\/\/jorgezanoni.com.br\/2019\/wp-content\/uploads\/2022\/02\/recicla1-80x60.jpg 80w, https:\/\/jorgezanoni.com.br\/2019\/wp-content\/uploads\/2022\/02\/recicla1-265x198.jpg 265w, https:\/\/jorgezanoni.com.br\/2019\/wp-content\/uploads\/2022\/02\/recicla1-696x523.jpg 696w, https:\/\/jorgezanoni.com.br\/2019\/wp-content\/uploads\/2022\/02\/recicla1-1068x802.jpg 1068w, https:\/\/jorgezanoni.com.br\/2019\/wp-content\/uploads\/2022\/02\/recicla1-559x420.jpg 559w\" sizes=\"auto, (max-width: 1156px) 100vw, 1156px\" \/>Fonte: Com. Social Pol\u00edcia Civil<\/p>\n","protected":false},"excerpt":{"rendered":"<p>POL\u00cdCIA CIVIL CONCLUI INQU\u00c9RITO SOBRE INC\u00c9NDIO EM BARRAC\u00c3O DE COOPERATIVA DE RECICLAGEM DE DRACENA E INDICIA HOMEM SUSPEITO PELO CRIME DE INC\u00c9NDIO. O inc\u00eandio criminoso ocorreu em mar\u00e7o do ano passado, destruiu dois barrac\u00f5es e equipamentos da cooperativa, causando preju\u00edzo estimado em R$ 290 mil. O suspeito, um homem, de 37 anos, est\u00e1 preso na [&hellip;]<\/p>\n","protected":false},"author":1,"featured_media":60059,"comment_status":"closed","ping_status":"open","sticky":false,"template":"","format":"standard","meta":{"footnotes":""},"categories":[110,2],"tags":[],"class_list":["post-60056","post","type-post","status-publish","format-standard","has-post-thumbnail","hentry","category-noticiasdestaque","category-policial"],"_links":{"self":[{"href":"https:\/\/jorgezanoni.com.br\/2019\/wp-json\/wp\/v2\/posts\/60056","targetHints":{"allow":["GET"]}}],"collection":[{"href":"https:\/\/jorgezanoni.com.br\/2019\/wp-json\/wp\/v2\/posts"}],"about":[{"href":"https:\/\/jorgezanoni.com.br\/2019\/wp-json\/wp\/v2\/types\/post"}],"author":[{"embeddable":true,"href":"https:\/\/jorgezanoni.com.br\/2019\/wp-json\/wp\/v2\/users\/1"}],"replies":[{"embeddable":true,"href":"https:\/\/jorgezanoni.com.br\/2019\/wp-json\/wp\/v2\/comments?post=60056"}],"version-history":[{"count":0,"href":"https:\/\/jorgezanoni.com.br\/2019\/wp-json\/wp\/v2\/posts\/60056\/revisions"}],"wp:featuredmedia":[{"embeddable":true,"href":"https:\/\/jorgezanoni.com.br\/2019\/wp-json\/wp\/v2\/media\/60059"}],"wp:attachment":[{"href":"https:\/\/jorgezanoni.com.br\/2019\/wp-json\/wp\/v2\/media?parent=60056"}],"wp:term":[{"taxonomy":"category","embeddable":true,"href":"https:\/\/jorgezanoni.com.br\/2019\/wp-json\/wp\/v2\/categories?post=60056"},{"taxonomy":"post_tag","embeddable":true,"href":"https:\/\/jorgezanoni.com.br\/2019\/wp-json\/wp\/v2\/tags?post=60056"}],"curies":[{"name":"wp","href":"https:\/\/api.w.org\/{rel}","templated":true}]}}