{"id":60027,"date":"2022-02-20T19:10:51","date_gmt":"2022-02-20T19:10:51","guid":{"rendered":"https:\/\/jorgezanoni.com.br\/2019\/?p=60027"},"modified":"2022-02-20T19:19:44","modified_gmt":"2022-02-20T19:19:44","slug":"motorista-de-dracena-fica-ferido-em-tombamento-de-carreta-carregada-de-acucar-na-sp-294","status":"publish","type":"post","link":"https:\/\/jorgezanoni.com.br\/2019\/motorista-de-dracena-fica-ferido-em-tombamento-de-carreta-carregada-de-acucar-na-sp-294\/","title":{"rendered":"Motorista de Dracena fica ferido em tombamento de carreta carregada de a\u00e7\u00facar na SP-294"},"content":{"rendered":"<p style=\"text-align: justify;\"><strong>Um caminhoneiro de 31 anos de idade ficou ferido em um acidente ocorrido por volta das 11h10 deste domingo (20) na Rodovia Comandante Jo\u00e3o Ribeiro de Barros \u2013 (SP-294) em Adamantina.<\/strong><\/p>\n<p style=\"text-align: justify;\"><a href=\"https:\/\/ifolharegional.com.br\/2022\/02\/20\/caminhoneiro-fica-ferido-em-acidente-na-sp-294-em-adamantina\/foto-diegofernandesfolharegional-13\/\" rel=\"attachment wp-att-51117\"><img loading=\"lazy\" decoding=\"async\" class=\"size-full wp-image-51117 aligncenter\" src=\"https:\/\/i0.wp.com\/ifolharegional.com.br\/wp-content\/uploads\/2022\/02\/foto-diegofernandesfolharegional-13.jpeg?resize=500%2C375&amp;ssl=1\" sizes=\"auto, (max-width: 500px) 100vw, 500px\" srcset=\"https:\/\/i0.wp.com\/ifolharegional.com.br\/wp-content\/uploads\/2022\/02\/foto-diegofernandesfolharegional-13.jpeg?w=500&amp;ssl=1 500w, https:\/\/i0.wp.com\/ifolharegional.com.br\/wp-content\/uploads\/2022\/02\/foto-diegofernandesfolharegional-13.jpeg?resize=300%2C225&amp;ssl=1 300w\" alt=\"\" width=\"500\" height=\"375\" data-attachment-id=\"51117\" data-permalink=\"https:\/\/ifolharegional.com.br\/2022\/02\/20\/acidadamantinas45\/foto-diegofernandesfolharegional-13\/\" data-orig-file=\"https:\/\/i0.wp.com\/ifolharegional.com.br\/wp-content\/uploads\/2022\/02\/foto-diegofernandesfolharegional-13.jpeg?fit=500%2C375&amp;ssl=1\" data-orig-size=\"500,375\" data-comments-opened=\"0\" data-image-meta=\"{&quot;aperture&quot;:&quot;0&quot;,&quot;credit&quot;:&quot;&quot;,&quot;camera&quot;:&quot;&quot;,&quot;caption&quot;:&quot;&quot;,&quot;created_timestamp&quot;:&quot;0&quot;,&quot;copyright&quot;:&quot;&quot;,&quot;focal_length&quot;:&quot;0&quot;,&quot;iso&quot;:&quot;0&quot;,&quot;shutter_speed&quot;:&quot;0&quot;,&quot;title&quot;:&quot;&quot;,&quot;orientation&quot;:&quot;1&quot;}\" data-image-title=\"foto-diegofernandesfolharegional (13)\" data-image-description=\"\" data-image-caption=\"\" data-medium-file=\"https:\/\/i0.wp.com\/ifolharegional.com.br\/wp-content\/uploads\/2022\/02\/foto-diegofernandesfolharegional-13.jpeg?fit=300%2C225&amp;ssl=1\" data-large-file=\"https:\/\/i0.wp.com\/ifolharegional.com.br\/wp-content\/uploads\/2022\/02\/foto-diegofernandesfolharegional-13.jpeg?fit=500%2C375&amp;ssl=1\" data-recalc-dims=\"1\" \/><\/a><br \/>\nEle seguia com a carreta tracionada por um caminh\u00e3o trator com placas de Nova Independ\u00eancia carregada com sacos de a\u00e7\u00facar, no sentido Fl\u00f3rida Paulista \/ Adamantina quando por motivos desconhecidos acabou atravessando a pista e tombou no km 593+500 metros entre os trevos da faculdade e o principal da Cidade Joia.<\/p>\n<p style=\"text-align: justify;\"><a href=\"https:\/\/ifolharegional.com.br\/2022\/02\/20\/caminhoneiro-fica-ferido-em-acidente-na-sp-294-em-adamantina\/foto-diegofernandesfolharegional-15\/\" rel=\"attachment wp-att-51118\"><img loading=\"lazy\" decoding=\"async\" class=\"size-full wp-image-51118 aligncenter\" src=\"https:\/\/i0.wp.com\/ifolharegional.com.br\/wp-content\/uploads\/2022\/02\/foto-diegofernandesfolharegional-15.jpeg?resize=500%2C375&amp;ssl=1\" sizes=\"auto, (max-width: 500px) 100vw, 500px\" srcset=\"https:\/\/i0.wp.com\/ifolharegional.com.br\/wp-content\/uploads\/2022\/02\/foto-diegofernandesfolharegional-15.jpeg?w=500&amp;ssl=1 500w, https:\/\/i0.wp.com\/ifolharegional.com.br\/wp-content\/uploads\/2022\/02\/foto-diegofernandesfolharegional-15.jpeg?resize=300%2C225&amp;ssl=1 300w\" alt=\"\" width=\"500\" height=\"375\" data-attachment-id=\"51118\" data-permalink=\"https:\/\/ifolharegional.com.br\/2022\/02\/20\/acidadamantinas45\/foto-diegofernandesfolharegional-15\/\" data-orig-file=\"https:\/\/i0.wp.com\/ifolharegional.com.br\/wp-content\/uploads\/2022\/02\/foto-diegofernandesfolharegional-15.jpeg?fit=500%2C375&amp;ssl=1\" data-orig-size=\"500,375\" data-comments-opened=\"0\" data-image-meta=\"{&quot;aperture&quot;:&quot;0&quot;,&quot;credit&quot;:&quot;&quot;,&quot;camera&quot;:&quot;&quot;,&quot;caption&quot;:&quot;&quot;,&quot;created_timestamp&quot;:&quot;0&quot;,&quot;copyright&quot;:&quot;&quot;,&quot;focal_length&quot;:&quot;0&quot;,&quot;iso&quot;:&quot;0&quot;,&quot;shutter_speed&quot;:&quot;0&quot;,&quot;title&quot;:&quot;&quot;,&quot;orientation&quot;:&quot;1&quot;}\" data-image-title=\"foto-diegofernandesfolharegional (15)\" data-image-description=\"\" data-image-caption=\"\" data-medium-file=\"https:\/\/i0.wp.com\/ifolharegional.com.br\/wp-content\/uploads\/2022\/02\/foto-diegofernandesfolharegional-15.jpeg?fit=300%2C225&amp;ssl=1\" data-large-file=\"https:\/\/i0.wp.com\/ifolharegional.com.br\/wp-content\/uploads\/2022\/02\/foto-diegofernandesfolharegional-15.jpeg?fit=500%2C375&amp;ssl=1\" data-recalc-dims=\"1\" \/><\/a><br \/>\nO homem que estava sozinho ficou preso nas ferragens da cabine sendo necess\u00e1rio um amplo trabalho do Corpo de Bombeiros de Adamantina, prontid\u00e3o comandada pelo Sargento PM Ferramosca, para efetuar a retirada e encaminh\u00e1-lo para o Pronto Socorro.<\/p>\n<p style=\"text-align: justify;\"><a href=\"https:\/\/ifolharegional.com.br\/2022\/02\/20\/caminhoneiro-fica-ferido-em-acidente-na-sp-294-em-adamantina\/foto-diegofernandesfolharegional-5\/\" rel=\"attachment wp-att-51127\"><img loading=\"lazy\" decoding=\"async\" class=\"size-full wp-image-51127 aligncenter\" src=\"https:\/\/i0.wp.com\/ifolharegional.com.br\/wp-content\/uploads\/2022\/02\/foto-diegofernandesfolharegional-5.jpeg?resize=500%2C375&amp;ssl=1\" sizes=\"auto, (max-width: 500px) 100vw, 500px\" srcset=\"https:\/\/i0.wp.com\/ifolharegional.com.br\/wp-content\/uploads\/2022\/02\/foto-diegofernandesfolharegional-5.jpeg?w=500&amp;ssl=1 500w, https:\/\/i0.wp.com\/ifolharegional.com.br\/wp-content\/uploads\/2022\/02\/foto-diegofernandesfolharegional-5.jpeg?resize=300%2C225&amp;ssl=1 300w\" alt=\"\" width=\"500\" height=\"375\" data-attachment-id=\"51127\" data-permalink=\"https:\/\/ifolharegional.com.br\/2022\/02\/20\/acidadamantinas45\/foto-diegofernandesfolharegional-5\/\" data-orig-file=\"https:\/\/i0.wp.com\/ifolharegional.com.br\/wp-content\/uploads\/2022\/02\/foto-diegofernandesfolharegional-5.jpeg?fit=500%2C375&amp;ssl=1\" data-orig-size=\"500,375\" data-comments-opened=\"0\" data-image-meta=\"{&quot;aperture&quot;:&quot;0&quot;,&quot;credit&quot;:&quot;&quot;,&quot;camera&quot;:&quot;&quot;,&quot;caption&quot;:&quot;&quot;,&quot;created_timestamp&quot;:&quot;0&quot;,&quot;copyright&quot;:&quot;&quot;,&quot;focal_length&quot;:&quot;0&quot;,&quot;iso&quot;:&quot;0&quot;,&quot;shutter_speed&quot;:&quot;0&quot;,&quot;title&quot;:&quot;&quot;,&quot;orientation&quot;:&quot;1&quot;}\" data-image-title=\"foto-diegofernandesfolharegional (5)\" data-image-description=\"\" data-image-caption=\"\" data-medium-file=\"https:\/\/i0.wp.com\/ifolharegional.com.br\/wp-content\/uploads\/2022\/02\/foto-diegofernandesfolharegional-5.jpeg?fit=300%2C225&amp;ssl=1\" data-large-file=\"https:\/\/i0.wp.com\/ifolharegional.com.br\/wp-content\/uploads\/2022\/02\/foto-diegofernandesfolharegional-5.jpeg?fit=500%2C375&amp;ssl=1\" data-recalc-dims=\"1\" \/><\/a><br \/>\nEquipes da concession\u00e1ria que administra a rodovia tamb\u00e9m atuaram na ocorr\u00eancia no socorro e sinaliza\u00e7\u00e3o da pista sob a coordena\u00e7\u00e3o da Pol\u00edcia Militar Rodovi\u00e1ria.<\/p>\n<p style=\"text-align: justify;\"><a href=\"https:\/\/ifolharegional.com.br\/2022\/02\/20\/caminhoneiro-fica-ferido-em-acidente-na-sp-294-em-adamantina\/foto-diegofernandesfolharegional-14\/\" rel=\"attachment wp-att-51122\"><img loading=\"lazy\" decoding=\"async\" class=\"wp-image-51122 aligncenter\" src=\"https:\/\/i0.wp.com\/ifolharegional.com.br\/wp-content\/uploads\/2022\/02\/foto-diegofernandesfolharegional-14.jpeg?resize=500%2C375&amp;ssl=1\" sizes=\"auto, (max-width: 500px) 100vw, 500px\" srcset=\"https:\/\/i0.wp.com\/ifolharegional.com.br\/wp-content\/uploads\/2022\/02\/foto-diegofernandesfolharegional-14.jpeg?w=1600&amp;ssl=1 1600w, https:\/\/i0.wp.com\/ifolharegional.com.br\/wp-content\/uploads\/2022\/02\/foto-diegofernandesfolharegional-14.jpeg?resize=300%2C225&amp;ssl=1 300w, https:\/\/i0.wp.com\/ifolharegional.com.br\/wp-content\/uploads\/2022\/02\/foto-diegofernandesfolharegional-14.jpeg?resize=1024%2C768&amp;ssl=1 1024w, https:\/\/i0.wp.com\/ifolharegional.com.br\/wp-content\/uploads\/2022\/02\/foto-diegofernandesfolharegional-14.jpeg?resize=768%2C576&amp;ssl=1 768w, https:\/\/i0.wp.com\/ifolharegional.com.br\/wp-content\/uploads\/2022\/02\/foto-diegofernandesfolharegional-14.jpeg?resize=1536%2C1152&amp;ssl=1 1536w, https:\/\/i0.wp.com\/ifolharegional.com.br\/wp-content\/uploads\/2022\/02\/foto-diegofernandesfolharegional-14.jpeg?w=1480&amp;ssl=1 1480w\" alt=\"\" width=\"500\" height=\"375\" data-attachment-id=\"51122\" data-permalink=\"https:\/\/ifolharegional.com.br\/2022\/02\/20\/acidadamantinas45\/foto-diegofernandesfolharegional-14\/\" data-orig-file=\"https:\/\/i0.wp.com\/ifolharegional.com.br\/wp-content\/uploads\/2022\/02\/foto-diegofernandesfolharegional-14.jpeg?fit=1600%2C1200&amp;ssl=1\" data-orig-size=\"1600,1200\" data-comments-opened=\"0\" data-image-meta=\"{&quot;aperture&quot;:&quot;0&quot;,&quot;credit&quot;:&quot;&quot;,&quot;camera&quot;:&quot;&quot;,&quot;caption&quot;:&quot;&quot;,&quot;created_timestamp&quot;:&quot;0&quot;,&quot;copyright&quot;:&quot;&quot;,&quot;focal_length&quot;:&quot;0&quot;,&quot;iso&quot;:&quot;0&quot;,&quot;shutter_speed&quot;:&quot;0&quot;,&quot;title&quot;:&quot;&quot;,&quot;orientation&quot;:&quot;0&quot;}\" data-image-title=\"foto-diegofernandesfolharegional (14)\" data-image-description=\"\" data-image-caption=\"\" data-medium-file=\"https:\/\/i0.wp.com\/ifolharegional.com.br\/wp-content\/uploads\/2022\/02\/foto-diegofernandesfolharegional-14.jpeg?fit=300%2C225&amp;ssl=1\" data-large-file=\"https:\/\/i0.wp.com\/ifolharegional.com.br\/wp-content\/uploads\/2022\/02\/foto-diegofernandesfolharegional-14.jpeg?fit=740%2C555&amp;ssl=1\" data-recalc-dims=\"1\" \/><\/a><br \/>\nA Pol\u00edcia Cient\u00edfica foi acionada e um laudo vai apontar as causas do acidente.<\/p>\n<p style=\"text-align: justify;\">Fonte: Folha Regional &#8211; Fotos: Diego Fernandes \/ ifolharegional.com.br<\/p>\n<p style=\"text-align: justify;\">Durante opera\u00e7\u00e3o Paz e Prote\u00e7\u00e3o, a equipe deslocou para atendimento de sinistro de tr\u00e2nsito com v\u00edtima, onde o condutor, \u00fanico ocupante do ve\u00edculo, conduzia 01 Scania\/R124, que tracionava 02 S. reboques (Bitrem) e em determinado momento perdeu o controle da dire\u00e7\u00e3o, tombou o ve\u00edculo al\u00e9m do acostamento da pista oeste.<br \/>\nO condutor, um homem de 31 anos e morador de Dracena\/SP, foi socorrido em estado grave, com fratura no bra\u00e7o esquerdo, por\u00e9m consciente, pela equipe da unidade de resgate dos Bombeiros, ao Pronto Socorro local.<br \/>\nO bitrem ficou tombado al\u00e9m do acostamento, aguardando outro bitrem para fazer o transbordo da carga de a\u00e7\u00facar (38.500 kg), que aproximadamente 30% da mesma ficou impr\u00f3pria para o consumo.<br \/>\nN\u00e3o houve per\u00edcia no local e o tr\u00e2nsito fluiu normalmente.<br \/>\nEquipe da EIXO-SP apoia na sinaliza\u00e7\u00e3o do local, onde o bitrem encontra-se tombado, aguardando o transbordo da carga, para ser removido.<\/p>\n<p style=\"text-align: justify;\">Fonte: PMR.<\/p>\n<p>Comp. Jorge Zanoni<\/p>\n","protected":false},"excerpt":{"rendered":"<p>Um caminhoneiro de 31 anos de idade ficou ferido em um acidente ocorrido por volta das 11h10 deste domingo (20) na Rodovia Comandante Jo\u00e3o Ribeiro de Barros \u2013 (SP-294) em Adamantina. Ele seguia com a carreta tracionada por um caminh\u00e3o trator com placas de Nova Independ\u00eancia carregada com sacos de a\u00e7\u00facar, no sentido Fl\u00f3rida Paulista [&hellip;]<\/p>\n","protected":false},"author":1,"featured_media":60028,"comment_status":"closed","ping_status":"open","sticky":false,"template":"","format":"standard","meta":{"footnotes":""},"categories":[170,110],"tags":[],"class_list":["post-60027","post","type-post","status-publish","format-standard","has-post-thumbnail","hentry","category-acidentes","category-noticiasdestaque"],"_links":{"self":[{"href":"https:\/\/jorgezanoni.com.br\/2019\/wp-json\/wp\/v2\/posts\/60027","targetHints":{"allow":["GET"]}}],"collection":[{"href":"https:\/\/jorgezanoni.com.br\/2019\/wp-json\/wp\/v2\/posts"}],"about":[{"href":"https:\/\/jorgezanoni.com.br\/2019\/wp-json\/wp\/v2\/types\/post"}],"author":[{"embeddable":true,"href":"https:\/\/jorgezanoni.com.br\/2019\/wp-json\/wp\/v2\/users\/1"}],"replies":[{"embeddable":true,"href":"https:\/\/jorgezanoni.com.br\/2019\/wp-json\/wp\/v2\/comments?post=60027"}],"version-history":[{"count":0,"href":"https:\/\/jorgezanoni.com.br\/2019\/wp-json\/wp\/v2\/posts\/60027\/revisions"}],"wp:featuredmedia":[{"embeddable":true,"href":"https:\/\/jorgezanoni.com.br\/2019\/wp-json\/wp\/v2\/media\/60028"}],"wp:attachment":[{"href":"https:\/\/jorgezanoni.com.br\/2019\/wp-json\/wp\/v2\/media?parent=60027"}],"wp:term":[{"taxonomy":"category","embeddable":true,"href":"https:\/\/jorgezanoni.com.br\/2019\/wp-json\/wp\/v2\/categories?post=60027"},{"taxonomy":"post_tag","embeddable":true,"href":"https:\/\/jorgezanoni.com.br\/2019\/wp-json\/wp\/v2\/tags?post=60027"}],"curies":[{"name":"wp","href":"https:\/\/api.w.org\/{rel}","templated":true}]}}