{"id":60005,"date":"2022-02-20T12:52:01","date_gmt":"2022-02-20T12:52:01","guid":{"rendered":"https:\/\/jorgezanoni.com.br\/2019\/?p=60005"},"modified":"2022-02-20T13:01:45","modified_gmt":"2022-02-20T13:01:45","slug":"morre-arlindo-pasqualeto-pai-do-jornalista-claudio-jose","status":"publish","type":"post","link":"https:\/\/jorgezanoni.com.br\/2019\/morre-arlindo-pasqualeto-pai-do-jornalista-claudio-jose\/","title":{"rendered":"Morre Arlindo Pasqualeto, pai do jornalista Cl\u00e1udio Jos\u00e9"},"content":{"rendered":"<p style=\"text-align: justify;\">Comunicamos com pesar o falecimento do Sr. Arlindo Pasqualeto, de 88 anos, antigo morador da Rua Fioravante, em Dracena.<\/p>\n<p style=\"text-align: justify;\">Vi\u00favo, deixa filhos, netos e bisnetos. \u00c9 pai do jornalista Cl\u00e1udio Jos\u00e9 Pasqualeto, ex-vereador em Dracena.<\/p>\n<p style=\"text-align: justify;\">Arlindo era o \u00faltimo dos 10 irm\u00e3os da fam\u00edlia Pasqualeto, tradicional em Nova Guataporanga.<\/p>\n<p style=\"text-align: justify;\">O Vel\u00f3rio ocorre no Memorial Vida Prev a partir das 10:30 Horas, e o Sepultamento ser\u00e1 as 16:00 Horas no Cemit\u00e9rio Municipal de Dracena<\/p>\n<p style=\"text-align: justify;\">O Site JZ se solidariza com o amigo Cl\u00e1udio, demais familiares e amigos neste dif\u00edcil momento.<\/p>\n<p style=\"text-align: justify;\">Jorge Zanoni<\/p>\n","protected":false},"excerpt":{"rendered":"<p>Comunicamos com pesar o falecimento do Sr. Arlindo Pasqualeto, de 88 anos, antigo morador da Rua Fioravante, em Dracena. Vi\u00favo, deixa filhos, netos e bisnetos. \u00c9 pai do jornalista Cl\u00e1udio Jos\u00e9 Pasqualeto, ex-vereador em Dracena. Arlindo era o \u00faltimo dos 10 irm\u00e3os da fam\u00edlia Pasqualeto, tradicional em Nova Guataporanga. O Vel\u00f3rio ocorre no Memorial Vida [&hellip;]<\/p>\n","protected":false},"author":1,"featured_media":60006,"comment_status":"closed","ping_status":"open","sticky":false,"template":"","format":"standard","meta":{"footnotes":""},"categories":[178,110],"tags":[],"class_list":["post-60005","post","type-post","status-publish","format-standard","has-post-thumbnail","hentry","category-notadefalecimento","category-noticiasdestaque"],"_links":{"self":[{"href":"https:\/\/jorgezanoni.com.br\/2019\/wp-json\/wp\/v2\/posts\/60005","targetHints":{"allow":["GET"]}}],"collection":[{"href":"https:\/\/jorgezanoni.com.br\/2019\/wp-json\/wp\/v2\/posts"}],"about":[{"href":"https:\/\/jorgezanoni.com.br\/2019\/wp-json\/wp\/v2\/types\/post"}],"author":[{"embeddable":true,"href":"https:\/\/jorgezanoni.com.br\/2019\/wp-json\/wp\/v2\/users\/1"}],"replies":[{"embeddable":true,"href":"https:\/\/jorgezanoni.com.br\/2019\/wp-json\/wp\/v2\/comments?post=60005"}],"version-history":[{"count":0,"href":"https:\/\/jorgezanoni.com.br\/2019\/wp-json\/wp\/v2\/posts\/60005\/revisions"}],"wp:featuredmedia":[{"embeddable":true,"href":"https:\/\/jorgezanoni.com.br\/2019\/wp-json\/wp\/v2\/media\/60006"}],"wp:attachment":[{"href":"https:\/\/jorgezanoni.com.br\/2019\/wp-json\/wp\/v2\/media?parent=60005"}],"wp:term":[{"taxonomy":"category","embeddable":true,"href":"https:\/\/jorgezanoni.com.br\/2019\/wp-json\/wp\/v2\/categories?post=60005"},{"taxonomy":"post_tag","embeddable":true,"href":"https:\/\/jorgezanoni.com.br\/2019\/wp-json\/wp\/v2\/tags?post=60005"}],"curies":[{"name":"wp","href":"https:\/\/api.w.org\/{rel}","templated":true}]}}