{"id":59992,"date":"2022-02-19T16:31:46","date_gmt":"2022-02-19T16:31:46","guid":{"rendered":"https:\/\/jorgezanoni.com.br\/2019\/?p=59992"},"modified":"2022-02-19T16:31:46","modified_gmt":"2022-02-19T16:31:46","slug":"policia-civil-prende-homem-acusado-por-crime-de-perseguicao-a-esposa-em-junqueiropolis","status":"publish","type":"post","link":"https:\/\/jorgezanoni.com.br\/2019\/policia-civil-prende-homem-acusado-por-crime-de-perseguicao-a-esposa-em-junqueiropolis\/","title":{"rendered":"Pol\u00edcia Civil prende homem acusado por crime de persegui\u00e7\u00e3o \u00e0 esposa em Junqueir\u00f3polis"},"content":{"rendered":"<p style=\"text-align: justify;\">POL\u00cdCIA CIVIL PRENDE HOMEM ACUSADO POR CRIME DE PERSEGUI\u00c7\u00c3O A ESPOSA EM JUNQUEIR\u00d3POLIS<\/p>\n<p style=\"text-align: justify;\">A Pol\u00edcia Civil, por interm\u00e9dio da Delegacia de Pol\u00edcia de Junqueir\u00f3polis, prendeu em flagrante nesta sexta-feira (18), um homem 32 anos, suspeito de praticar o crime de persegui\u00e7\u00e3o ou Stalking, previsto no artigo 147- A, do C\u00f3digo Penal.<br \/>\nA v\u00edtima \u00e9 a esposa do acusado, ap\u00f3s ser agredida em data anterior, decidiu separar do suspeito e ir residir com os filhos na casa de outro familiar. Do fato da agress\u00e3o a mulher n\u00e3o havia registrado ocorr\u00eancia.<br \/>\nO acusado inconformado com a separa\u00e7\u00e3o conjugal, passou a perseguir a v\u00edtima nas casas dos parentes. E com receio de acontecer o pior, a v\u00edtima compareceu na manh\u00e3 desta sexta-feira (18), na Delegacia de Pol\u00edcia de Junqueir\u00f3polis para registrar a ocorr\u00eancia policial, e solicitar o pedido de medidas protetiva. O homem ent\u00e3o seguiu sua esposa at\u00e9 a reparti\u00e7\u00e3o p\u00fablica, onde foi abordado e contido por policiais civis. Em seguida, o acusado foi autuado em flagrante pelo crime de persegui\u00e7\u00e3o.<br \/>\nAp\u00f3s a realiza\u00e7\u00e3o da audi\u00eancia de cust\u00f3dia, a pris\u00e3o em flagrante foi convertida em pris\u00e3o preventiva e encaminhado para Sistema Prisional.<br \/>\nFoi instaurado ainda inqu\u00e9rito policial para apurar os crimes de Viol\u00eancia Dom\u00e9stica e Les\u00e3o Corporal praticado anteriormente contra a esposa.<\/p>\n<p style=\"text-align: justify;\">Fonte: Com. Social Pol\u00edcia Civil<\/p>\n","protected":false},"excerpt":{"rendered":"<p>POL\u00cdCIA CIVIL PRENDE HOMEM ACUSADO POR CRIME DE PERSEGUI\u00c7\u00c3O A ESPOSA EM JUNQUEIR\u00d3POLIS A Pol\u00edcia Civil, por interm\u00e9dio da Delegacia de Pol\u00edcia de Junqueir\u00f3polis, prendeu em flagrante nesta sexta-feira (18), um homem 32 anos, suspeito de praticar o crime de persegui\u00e7\u00e3o ou Stalking, previsto no artigo 147- A, do C\u00f3digo Penal. A v\u00edtima \u00e9 a [&hellip;]<\/p>\n","protected":false},"author":1,"featured_media":59994,"comment_status":"closed","ping_status":"open","sticky":false,"template":"","format":"standard","meta":{"footnotes":""},"categories":[110,2],"tags":[],"class_list":["post-59992","post","type-post","status-publish","format-standard","has-post-thumbnail","hentry","category-noticiasdestaque","category-policial"],"_links":{"self":[{"href":"https:\/\/jorgezanoni.com.br\/2019\/wp-json\/wp\/v2\/posts\/59992","targetHints":{"allow":["GET"]}}],"collection":[{"href":"https:\/\/jorgezanoni.com.br\/2019\/wp-json\/wp\/v2\/posts"}],"about":[{"href":"https:\/\/jorgezanoni.com.br\/2019\/wp-json\/wp\/v2\/types\/post"}],"author":[{"embeddable":true,"href":"https:\/\/jorgezanoni.com.br\/2019\/wp-json\/wp\/v2\/users\/1"}],"replies":[{"embeddable":true,"href":"https:\/\/jorgezanoni.com.br\/2019\/wp-json\/wp\/v2\/comments?post=59992"}],"version-history":[{"count":0,"href":"https:\/\/jorgezanoni.com.br\/2019\/wp-json\/wp\/v2\/posts\/59992\/revisions"}],"wp:featuredmedia":[{"embeddable":true,"href":"https:\/\/jorgezanoni.com.br\/2019\/wp-json\/wp\/v2\/media\/59994"}],"wp:attachment":[{"href":"https:\/\/jorgezanoni.com.br\/2019\/wp-json\/wp\/v2\/media?parent=59992"}],"wp:term":[{"taxonomy":"category","embeddable":true,"href":"https:\/\/jorgezanoni.com.br\/2019\/wp-json\/wp\/v2\/categories?post=59992"},{"taxonomy":"post_tag","embeddable":true,"href":"https:\/\/jorgezanoni.com.br\/2019\/wp-json\/wp\/v2\/tags?post=59992"}],"curies":[{"name":"wp","href":"https:\/\/api.w.org\/{rel}","templated":true}]}}