{"id":59989,"date":"2022-02-19T16:08:23","date_gmt":"2022-02-19T16:08:23","guid":{"rendered":"https:\/\/jorgezanoni.com.br\/2019\/?p=59989"},"modified":"2022-02-19T16:08:23","modified_gmt":"2022-02-19T16:08:23","slug":"policia-civil-prende-homem-suspeito-de-furtar-cabos-eletricos-de-creche-em-ouro-verde","status":"publish","type":"post","link":"https:\/\/jorgezanoni.com.br\/2019\/policia-civil-prende-homem-suspeito-de-furtar-cabos-eletricos-de-creche-em-ouro-verde\/","title":{"rendered":"Pol\u00edcia Civil prende homem suspeito de furtar cabos el\u00e9tricos de Creche em Ouro Verde"},"content":{"rendered":"<p style=\"text-align: justify;\">POL\u00cdCIA CIVIL PRENDE O HOMEM SUSPEITO DE FURTAR CABOS EL\u00c9TRICOS DE CRECHE EM CONSTRU\u00c7\u00c3O NO MUNIC\u00cdPIO DE OURO VERDE.<\/p>\n<p style=\"text-align: justify;\">A Pol\u00edcia Civil, por interm\u00e9dio da Delegacia de Pol\u00edcia de Ouro Verde, prendeu em flagrante, nesta sexta-feira (18), um homem de 21 anos, suspeito de furtar os cabos el\u00e9tricos da rede externa da instala\u00e7\u00e3o do para-raios em uma constru\u00e7\u00e3o da Creche Municipal Carrossel, no bairro Industrial, em Ouro Verde. Sendo constado que do local foram subtra\u00eddos cerca de 120 metros de cabos, do tipo cordoalha de cobre nu, de 35 mm.<\/p>\n<p style=\"text-align: justify;\">T\u00e3o logo os agentes da Policia Civil tomaram conhecimento do ocorrido, diligenciaram ao pr\u00e9dio da creche furtada. De imediato, diante do quadro observado e com a realiza\u00e7\u00e3o de investiga\u00e7\u00f5es os policiais civis foram at\u00e9 a resid\u00eancia do suspeito e realizaram buscas no im\u00f3vel sendo encontrado dentro de uma m\u00e1quina de lavar roupas, escondida em meio de algumas pe\u00e7as de vestu\u00e1rio, uma fia\u00e7\u00e3o semelhante a subtra\u00edda da creche. Um engenheiro e um eletricista, respons\u00e1veis pela obra de constru\u00e7\u00e3o, foram chamados at\u00e9 o local e reconheceram como sendo a furtada da creche municipal.<\/p>\n<p style=\"text-align: justify;\">O acusado ent\u00e3o acabou confessando a pratica do furto. Alegando ainda ter agido sozinho, e que para realizar o furto escalou o pr\u00e9dio em obras e cortou a fia\u00e7\u00e3o usando um alicate.<\/p>\n<p style=\"text-align: justify;\">No quintal da resid\u00eancia do acusado tamb\u00e9m foram encontrados vest\u00edgios de fia\u00e7\u00e3o j\u00e1 queimada e alguns fragmentos de capa pl\u00e1stica de fio. Em outro im\u00f3vel, onde o suspeito j\u00e1 residiu, tamb\u00e9m foram localizados vest\u00edgios de fios queimados. A Pol\u00edcia T\u00e9cnico-Cientifica foi acionada para realizar a pericias nos dois locais.<\/p>\n<p style=\"text-align: justify;\">O homem foi apresentado na Delegacia de Pol\u00edcia de Ouro Verde e autuado em flagrante por furto qualificado. Em seu interrogat\u00f3rio, confirmou a vers\u00e3o dada aos policiais civis, alegando que est\u00e1 desempregado e praticou o furto para obter dinheiro.<\/p>\n<p style=\"text-align: justify;\">O autuado possui antecedentes criminais pelo crime de furto. E desde outubro do ano passado, estava em liberdade em raz\u00e3o de um alvar\u00e1 de soltura. Ao t\u00e9rmino dos procedimentos de Pol\u00edcia Judici\u00e1ria, o autuado permaneceu preso \u00e0 disposi\u00e7\u00e3o da Justi\u00e7a.<\/p>\n<p style=\"text-align: justify;\">Fonte: Com. Social Pol\u00edcia Civil<\/p>\n","protected":false},"excerpt":{"rendered":"<p>POL\u00cdCIA CIVIL PRENDE O HOMEM SUSPEITO DE FURTAR CABOS EL\u00c9TRICOS DE CRECHE EM CONSTRU\u00c7\u00c3O NO MUNIC\u00cdPIO DE OURO VERDE. A Pol\u00edcia Civil, por interm\u00e9dio da Delegacia de Pol\u00edcia de Ouro Verde, prendeu em flagrante, nesta sexta-feira (18), um homem de 21 anos, suspeito de furtar os cabos el\u00e9tricos da rede externa da instala\u00e7\u00e3o do para-raios [&hellip;]<\/p>\n","protected":false},"author":1,"featured_media":59990,"comment_status":"closed","ping_status":"open","sticky":false,"template":"","format":"standard","meta":{"footnotes":""},"categories":[110,2],"tags":[],"class_list":["post-59989","post","type-post","status-publish","format-standard","has-post-thumbnail","hentry","category-noticiasdestaque","category-policial"],"_links":{"self":[{"href":"https:\/\/jorgezanoni.com.br\/2019\/wp-json\/wp\/v2\/posts\/59989","targetHints":{"allow":["GET"]}}],"collection":[{"href":"https:\/\/jorgezanoni.com.br\/2019\/wp-json\/wp\/v2\/posts"}],"about":[{"href":"https:\/\/jorgezanoni.com.br\/2019\/wp-json\/wp\/v2\/types\/post"}],"author":[{"embeddable":true,"href":"https:\/\/jorgezanoni.com.br\/2019\/wp-json\/wp\/v2\/users\/1"}],"replies":[{"embeddable":true,"href":"https:\/\/jorgezanoni.com.br\/2019\/wp-json\/wp\/v2\/comments?post=59989"}],"version-history":[{"count":0,"href":"https:\/\/jorgezanoni.com.br\/2019\/wp-json\/wp\/v2\/posts\/59989\/revisions"}],"wp:featuredmedia":[{"embeddable":true,"href":"https:\/\/jorgezanoni.com.br\/2019\/wp-json\/wp\/v2\/media\/59990"}],"wp:attachment":[{"href":"https:\/\/jorgezanoni.com.br\/2019\/wp-json\/wp\/v2\/media?parent=59989"}],"wp:term":[{"taxonomy":"category","embeddable":true,"href":"https:\/\/jorgezanoni.com.br\/2019\/wp-json\/wp\/v2\/categories?post=59989"},{"taxonomy":"post_tag","embeddable":true,"href":"https:\/\/jorgezanoni.com.br\/2019\/wp-json\/wp\/v2\/tags?post=59989"}],"curies":[{"name":"wp","href":"https:\/\/api.w.org\/{rel}","templated":true}]}}