{"id":59932,"date":"2022-02-18T16:02:43","date_gmt":"2022-02-18T16:02:43","guid":{"rendered":"https:\/\/jorgezanoni.com.br\/2019\/?p=59932"},"modified":"2022-02-18T16:02:43","modified_gmt":"2022-02-18T16:02:43","slug":"policia-militar-forca-tatica-prende-homens-por-trafico-e-falsidade-ideologica-em-dracena","status":"publish","type":"post","link":"https:\/\/jorgezanoni.com.br\/2019\/policia-militar-forca-tatica-prende-homens-por-trafico-e-falsidade-ideologica-em-dracena\/","title":{"rendered":"Pol\u00edcia Militar For\u00e7a T\u00e1tica prende homens por Tr\u00e1fico e Falsidade Ideol\u00f3gica em Dracena"},"content":{"rendered":"<p style=\"text-align: justify;\"><strong>POL\u00cdCIA MILITAR EM A\u00c7\u00c3O DE FOR\u00c7A T\u00c1TICA PRENDE HOMENS POR TR\u00c1FICO DE DROGAS E FALSIDADE IDEOL\u00d3GICA EM DRACENA.<\/strong><\/p>\n<p style=\"text-align: justify;\">Na data de ontem (17) por volta das 17h50min durante patrulhamento de For\u00e7a T\u00e1tica pelo munic\u00edpio de Dracena, bairro Santa Clara, foi abordado um indiv\u00edduo que ao perceber a presen\u00e7a policial, apressou o passo e dispensou algo em meio a vegeta\u00e7\u00e3o ali existente. Efetuado busca pessoal, nada de il\u00edcito foi encontrado, e durante averigua\u00e7\u00e3o o que teria sido dispensado, foi localizado 13 por\u00e7\u00f5es de crack. Indagado, informou ter comprado a droga do sindicado (homem 16 anos) pelo valor de R$200,00 e fracionou para venda. Com apoio de outras equipes policiais foi feita buscas na resid\u00eancia do sindicado, com a autoriza\u00e7\u00e3o de morador, sendo localizado drogas escondidas, uma parte no telhado juntamente com balan\u00e7a de precis\u00e3o e outra parte na lateral de um sof\u00e1.<br \/>\nDado voz de apreens\u00e3o ao menor, permanecendo apreendido e o indiciado (homem 23 anos) foi constatado pelo Plant\u00e3o de Pol\u00edcia Judici\u00e1ria a verdadeira identidade, permanecendo preso pelo crime de tr\u00e1fico de drogas e falsidade ideol\u00f3gica.<\/p>\n<p style=\"text-align: justify;\">Foram apreendidos na a\u00e7\u00e3o\u00a00,023 Kg crack (27 por\u00e7\u00f5es prontas e 3 por\u00e7\u00f5es brutas a ser fracionada), 01 balan\u00e7a de precis\u00e3o, R$70,00, 01 Celular Samsung.<\/p>\n<p>Fonte: Com. Social Pol\u00edcia Militar<\/p>\n","protected":false},"excerpt":{"rendered":"<p>POL\u00cdCIA MILITAR EM A\u00c7\u00c3O DE FOR\u00c7A T\u00c1TICA PRENDE HOMENS POR TR\u00c1FICO DE DROGAS E FALSIDADE IDEOL\u00d3GICA EM DRACENA. Na data de ontem (17) por volta das 17h50min durante patrulhamento de For\u00e7a T\u00e1tica pelo munic\u00edpio de Dracena, bairro Santa Clara, foi abordado um indiv\u00edduo que ao perceber a presen\u00e7a policial, apressou o passo e dispensou algo [&hellip;]<\/p>\n","protected":false},"author":1,"featured_media":59933,"comment_status":"closed","ping_status":"open","sticky":false,"template":"","format":"standard","meta":{"footnotes":""},"categories":[110,2],"tags":[],"class_list":["post-59932","post","type-post","status-publish","format-standard","has-post-thumbnail","hentry","category-noticiasdestaque","category-policial"],"_links":{"self":[{"href":"https:\/\/jorgezanoni.com.br\/2019\/wp-json\/wp\/v2\/posts\/59932","targetHints":{"allow":["GET"]}}],"collection":[{"href":"https:\/\/jorgezanoni.com.br\/2019\/wp-json\/wp\/v2\/posts"}],"about":[{"href":"https:\/\/jorgezanoni.com.br\/2019\/wp-json\/wp\/v2\/types\/post"}],"author":[{"embeddable":true,"href":"https:\/\/jorgezanoni.com.br\/2019\/wp-json\/wp\/v2\/users\/1"}],"replies":[{"embeddable":true,"href":"https:\/\/jorgezanoni.com.br\/2019\/wp-json\/wp\/v2\/comments?post=59932"}],"version-history":[{"count":0,"href":"https:\/\/jorgezanoni.com.br\/2019\/wp-json\/wp\/v2\/posts\/59932\/revisions"}],"wp:featuredmedia":[{"embeddable":true,"href":"https:\/\/jorgezanoni.com.br\/2019\/wp-json\/wp\/v2\/media\/59933"}],"wp:attachment":[{"href":"https:\/\/jorgezanoni.com.br\/2019\/wp-json\/wp\/v2\/media?parent=59932"}],"wp:term":[{"taxonomy":"category","embeddable":true,"href":"https:\/\/jorgezanoni.com.br\/2019\/wp-json\/wp\/v2\/categories?post=59932"},{"taxonomy":"post_tag","embeddable":true,"href":"https:\/\/jorgezanoni.com.br\/2019\/wp-json\/wp\/v2\/tags?post=59932"}],"curies":[{"name":"wp","href":"https:\/\/api.w.org\/{rel}","templated":true}]}}