{"id":59914,"date":"2022-02-17T22:26:17","date_gmt":"2022-02-17T22:26:17","guid":{"rendered":"https:\/\/jorgezanoni.com.br\/2019\/?p=59914"},"modified":"2022-02-17T22:26:17","modified_gmt":"2022-02-17T22:26:17","slug":"unifadra-da-boas-vindas-aos-calouros-com-atividades-de-integracao","status":"publish","type":"post","link":"https:\/\/jorgezanoni.com.br\/2019\/unifadra-da-boas-vindas-aos-calouros-com-atividades-de-integracao\/","title":{"rendered":"Unifadra d\u00e1 boas-vindas aos calouros com atividades de integra\u00e7\u00e3o"},"content":{"rendered":"<p style=\"text-align: justify;\"><span style=\"font-size: large;\">No dia 14 de fevereiro, a Unifadra recebeu seus novos alunos dos cursos de An\u00e1lise e Desenvolvimento de Sistemas, Educa\u00e7\u00e3o F\u00edsica, Enfermagem, Pedagogia e Psicologia com atividades de integra\u00e7\u00e3o.<\/span><\/p>\n<p><span style=\"font-size: large;\">Cada curso organizou a programa\u00e7\u00e3o de sua semana de recep\u00e7\u00e3o com atividades culturais, l\u00fadicas e de integra\u00e7\u00e3o, buscando um acolhimento humanizado dos calouros, que d\u00e3o agora os primeiros passos na faculdade; al\u00e9m de incluir uma visita a toda a infraestrutura da Unifadra.<\/span><\/p>\n<p><span style=\"font-size: large;\">Logo no primeiro dia, os novos alunos participaram de din\u00e2micas, jogos, entre outros, bem como foram apadrinhados pelos veteranos, participaram das brincadeiras e foram engajados em a\u00e7\u00f5es solid\u00e1rias.<\/span><\/p>\n<p><span style=\"font-size: large;\">A Pedagogia organizou atividades com conta\u00e7\u00e3o de hist\u00f3rias, musicaliza\u00e7\u00e3o, xilogravura e o &#8220;passeio da centopeia&#8221;, que enfileirou os alunos para o tour pela faculdade. Entre as brincadeiras, os ingressantes receberam uma placa com seu nome (como aquelas usadas pelos alunos do 1\u00ba aninho do Ensino Fundamental) e uma chupeta para enfeitar suas m\u00e1scaras de prote\u00e7\u00e3o. Eles podem deixar de usar os adere\u00e7os quando fizerem uma doa\u00e7\u00e3o de material escolar para a campanha do curso, que vai destinar os produtos arrecadados a uma escola p\u00fablica.<\/span><\/p>\n<p><span style=\"font-size: large;\">A Educa\u00e7\u00e3o F\u00edsica est\u00e1 trabalhando na arrecada\u00e7\u00e3o de alimentos e recebeu seus calouros com atividades recreativas e esportivas coordenadas pelos veteranos. A turma j\u00e1 percebeu que a faculdade \u00e9 &#8220;puxada&#8221; e as aulas j\u00e1 come\u00e7aram firme, e eles v\u00e3o passar a semana sem poder usar mochila para trazer seus materiais, al\u00e9m de carregar suas placas de calouros por um m\u00eas.<\/span><\/p>\n<p><span style=\"font-size: large;\">No curso de An\u00e1lise e Desenvolvimento de Sistemas, os alunos receberam dos veteranos etiquetas identificando recursos computacionais e os professores aproveitaram o momento da brincadeira para explicar cada recurso e falar sobre as disciplinas. A turma tamb\u00e9m est\u00e1 arrecadando fraldas geri\u00e1tricas que ser\u00e3o encaminhadas para a Casa dos Velhos de Dracena.<\/span><\/p>\n<p><span style=\"font-size: large;\">A Enfermagem recebeu os calouros com uma aula em que a professora fez v\u00e1rias exig\u00eancias, depois eles souberam que a turma do \u00faltimo ano do curso tinha ensaiado a pegadinha. Cada novato tamb\u00e9m teve que carregar a placa com o nome de uma patologia, e agora deve pesquisar do que se trata para explicar para os colegas durante as pr\u00f3ximas aulas. A a\u00e7\u00e3o solid\u00e1ria do curso \u00e9 a arrecada\u00e7\u00e3o de produtos de higiene. Ontem (16) houve a visita da turma para conhecer as instala\u00e7\u00f5es da faculdade.<\/span><\/p>\n<p><span style=\"font-size: large;\">A Psicologia montou a \u00e1rvore da nova turma usando as digitais dos calouros como folhas. Ao chegar, o aluno\u00a0<\/span>entintava<span style=\"font-size: large;\">\u00a0o dedo e pressionava na cartolina, marcando seu nome logo abaixo. O intuito \u00e9 de que, no 10\u00b0 termo, eles revejam essa cartolina lembrando todo o processo at\u00e9 a formatura. A a\u00e7\u00e3o solid\u00e1ria tamb\u00e9m \u00e9 a arrecada\u00e7\u00e3o de materiais escolares.<\/span><\/p>\n<p><span style=\"font-size: large;\">O diretor acad\u00eamico da Unifadra Enio Garbelini destacou que a institui\u00e7\u00e3o tem tradi\u00e7\u00e3o em receber seus alunos de forma harm\u00f4nica, consciente e solid\u00e1ria, prezando sempre pela sa\u00fade f\u00edsica e psicol\u00f3gica de todos, com a\u00e7\u00f5es altru\u00edstas que beneficiem a comunidade regional.<\/span><\/p>\n<p><span style=\"font-size: large;\"><b>Ainda d\u00e1 tempo!<\/b><\/span><br \/>\n<span style=\"font-size: large;\">Para os interessados que querem iniciar os estudos ainda em 2022, o vestibular da Unifadra ainda est\u00e1 com inscri\u00e7\u00f5es abertas no site para ingresso imediato, ap\u00f3s a aprova\u00e7\u00e3o:\u00a0<a href=\"https:\/\/fundec.edu.br\/unifadra\/vestibular\" target=\"_blank\" rel=\"noopener noreferrer\">https:\/\/fundec.edu.br\/unifadra\/vestibular<\/a>\u00a0.<\/span><br \/>\n<span style=\"font-size: large;\"><b>Mais informa\u00e7\u00f5es<\/b>: (18) 3821-9004 ou Whatsapp (18) 99802-1237.<\/span><\/p>\n<p>Fonte: Depto. Comunica\u00e7\u00e3o Fundec<\/p>\n","protected":false},"excerpt":{"rendered":"<p>No dia 14 de fevereiro, a Unifadra recebeu seus novos alunos dos cursos de An\u00e1lise e Desenvolvimento de Sistemas, Educa\u00e7\u00e3o F\u00edsica, Enfermagem, Pedagogia e Psicologia com atividades de integra\u00e7\u00e3o. Cada curso organizou a programa\u00e7\u00e3o de sua semana de recep\u00e7\u00e3o com atividades culturais, l\u00fadicas e de integra\u00e7\u00e3o, buscando um acolhimento humanizado dos calouros, que d\u00e3o agora [&hellip;]<\/p>\n","protected":false},"author":1,"featured_media":59915,"comment_status":"closed","ping_status":"open","sticky":false,"template":"","format":"standard","meta":{"footnotes":""},"categories":[110,122],"tags":[],"class_list":["post-59914","post","type-post","status-publish","format-standard","has-post-thumbnail","hentry","category-noticiasdestaque","category-saudeeducacaoeconcurso"],"_links":{"self":[{"href":"https:\/\/jorgezanoni.com.br\/2019\/wp-json\/wp\/v2\/posts\/59914","targetHints":{"allow":["GET"]}}],"collection":[{"href":"https:\/\/jorgezanoni.com.br\/2019\/wp-json\/wp\/v2\/posts"}],"about":[{"href":"https:\/\/jorgezanoni.com.br\/2019\/wp-json\/wp\/v2\/types\/post"}],"author":[{"embeddable":true,"href":"https:\/\/jorgezanoni.com.br\/2019\/wp-json\/wp\/v2\/users\/1"}],"replies":[{"embeddable":true,"href":"https:\/\/jorgezanoni.com.br\/2019\/wp-json\/wp\/v2\/comments?post=59914"}],"version-history":[{"count":0,"href":"https:\/\/jorgezanoni.com.br\/2019\/wp-json\/wp\/v2\/posts\/59914\/revisions"}],"wp:featuredmedia":[{"embeddable":true,"href":"https:\/\/jorgezanoni.com.br\/2019\/wp-json\/wp\/v2\/media\/59915"}],"wp:attachment":[{"href":"https:\/\/jorgezanoni.com.br\/2019\/wp-json\/wp\/v2\/media?parent=59914"}],"wp:term":[{"taxonomy":"category","embeddable":true,"href":"https:\/\/jorgezanoni.com.br\/2019\/wp-json\/wp\/v2\/categories?post=59914"},{"taxonomy":"post_tag","embeddable":true,"href":"https:\/\/jorgezanoni.com.br\/2019\/wp-json\/wp\/v2\/tags?post=59914"}],"curies":[{"name":"wp","href":"https:\/\/api.w.org\/{rel}","templated":true}]}}