{"id":59911,"date":"2022-02-17T22:00:57","date_gmt":"2022-02-17T22:00:57","guid":{"rendered":"https:\/\/jorgezanoni.com.br\/2019\/?p=59911"},"modified":"2022-02-17T22:00:57","modified_gmt":"2022-02-17T22:00:57","slug":"fundec-abre-processo-seletivo-para-contratacao-temporaria-de-professores","status":"publish","type":"post","link":"https:\/\/jorgezanoni.com.br\/2019\/fundec-abre-processo-seletivo-para-contratacao-temporaria-de-professores\/","title":{"rendered":"Fundec abre processo seletivo para contrata\u00e7\u00e3o tempor\u00e1ria de professores"},"content":{"rendered":"<p style=\"text-align: justify;\"><span style=\"font-size: large;\">A Funda\u00e7\u00e3o Dracenense de Educa\u00e7\u00e3o e Cultura (Fundec) est\u00e1 contratando para vagas de doc\u00eancia e abriu inscri\u00e7\u00f5es para o Processo Seletivo 01\/2022. O edital est\u00e1 dispon\u00edvel no link <a href=\"https:\/\/fundec.edu.br\/editais\" target=\"_blank\" rel=\"noopener noreferrer\">https:\/\/fundec.edu.br\/editais\u00a0<\/a>e os interessados devem acessar o bot\u00e3o &#8220;Portal de Inscri\u00e7\u00f5es&#8221; para se candidatar \u00e0s vagas, at\u00e9 o dia 02\/03\/2022.<\/span><\/p>\n<p><span style=\"font-size: large;\">Os cargos s\u00e3o para professores do Ensino Profissionalizante (com forma\u00e7\u00e3o na \u00e1rea de Radiologia) e do Ensino Superior (Medicina com Especializa\u00e7\u00e3o).<\/span><\/p>\n<p><span style=\"font-size: large;\">A prova escrita ser\u00e1 realizada no dia 05\/03, \u00e0s 9h, na Unifadra. O resultado ser\u00e1 divulgado no dia 09\/03. Os candidatos classificados ser\u00e3o convocados para a prova did\u00e1tica pr\u00e1tica.<\/span><\/p>\n<p>Fonte: Depto. de Comunica\u00e7\u00e3o Fundec<\/p>\n","protected":false},"excerpt":{"rendered":"<p>A Funda\u00e7\u00e3o Dracenense de Educa\u00e7\u00e3o e Cultura (Fundec) est\u00e1 contratando para vagas de doc\u00eancia e abriu inscri\u00e7\u00f5es para o Processo Seletivo 01\/2022. O edital est\u00e1 dispon\u00edvel no link https:\/\/fundec.edu.br\/editais\u00a0e os interessados devem acessar o bot\u00e3o &#8220;Portal de Inscri\u00e7\u00f5es&#8221; para se candidatar \u00e0s vagas, at\u00e9 o dia 02\/03\/2022. Os cargos s\u00e3o para professores do Ensino Profissionalizante [&hellip;]<\/p>\n","protected":false},"author":1,"featured_media":59912,"comment_status":"closed","ping_status":"open","sticky":false,"template":"","format":"standard","meta":{"footnotes":""},"categories":[110,122],"tags":[],"class_list":["post-59911","post","type-post","status-publish","format-standard","has-post-thumbnail","hentry","category-noticiasdestaque","category-saudeeducacaoeconcurso"],"_links":{"self":[{"href":"https:\/\/jorgezanoni.com.br\/2019\/wp-json\/wp\/v2\/posts\/59911","targetHints":{"allow":["GET"]}}],"collection":[{"href":"https:\/\/jorgezanoni.com.br\/2019\/wp-json\/wp\/v2\/posts"}],"about":[{"href":"https:\/\/jorgezanoni.com.br\/2019\/wp-json\/wp\/v2\/types\/post"}],"author":[{"embeddable":true,"href":"https:\/\/jorgezanoni.com.br\/2019\/wp-json\/wp\/v2\/users\/1"}],"replies":[{"embeddable":true,"href":"https:\/\/jorgezanoni.com.br\/2019\/wp-json\/wp\/v2\/comments?post=59911"}],"version-history":[{"count":0,"href":"https:\/\/jorgezanoni.com.br\/2019\/wp-json\/wp\/v2\/posts\/59911\/revisions"}],"wp:featuredmedia":[{"embeddable":true,"href":"https:\/\/jorgezanoni.com.br\/2019\/wp-json\/wp\/v2\/media\/59912"}],"wp:attachment":[{"href":"https:\/\/jorgezanoni.com.br\/2019\/wp-json\/wp\/v2\/media?parent=59911"}],"wp:term":[{"taxonomy":"category","embeddable":true,"href":"https:\/\/jorgezanoni.com.br\/2019\/wp-json\/wp\/v2\/categories?post=59911"},{"taxonomy":"post_tag","embeddable":true,"href":"https:\/\/jorgezanoni.com.br\/2019\/wp-json\/wp\/v2\/tags?post=59911"}],"curies":[{"name":"wp","href":"https:\/\/api.w.org\/{rel}","templated":true}]}}