{"id":59908,"date":"2022-02-17T17:31:09","date_gmt":"2022-02-17T17:31:09","guid":{"rendered":"https:\/\/jorgezanoni.com.br\/2019\/?p=59908"},"modified":"2022-02-17T17:31:09","modified_gmt":"2022-02-17T17:31:09","slug":"tragedia-de-nova-independencia-reu-e-condenado-a-mais-de-11-anos-pelas-mortes-e-atropelamentos","status":"publish","type":"post","link":"https:\/\/jorgezanoni.com.br\/2019\/tragedia-de-nova-independencia-reu-e-condenado-a-mais-de-11-anos-pelas-mortes-e-atropelamentos\/","title":{"rendered":"TRAG\u00c9DIA DE NOVA INDEPEND\u00caNCIA: R\u00e9u \u00e9 condenado a mais de 11 anos pelas mortes e atropelamentos"},"content":{"rendered":"<p style=\"text-align: justify;\"><strong>Paulo \u00e9 condenado a 11 anos e 15 dias pelas mortes e atropelamentos em Nova Independ\u00eancia.<\/strong><\/p>\n<p style=\"text-align: justify;\">NOVA INDEPEND\u00caNCIA- Depois de mais de 15 horas de julgamento, o mec\u00e2nico Paulo Alves da Silva foi condenado a uma pena de 11 anos e 15 dias. Sendo 10 anos e seis meses pela morte de Jo\u00e3o Bringel e Jhonatan Coelho Rocha, bem como pelas tentativas de homic\u00eddio a outras 15 v\u00edtimas atropeladas por ele. Somando mais seis meses por embriaguez ao volante e 15 dias por uma vias de fato.<\/p>\n<p style=\"text-align: justify;\">O j\u00fari que iniciou \u00e0s 10h25 da manh\u00e3 de quarta,16, e encerrou nesta madrugada de quinta,17, foi conduzido pelo juiz Dr Alexandre Rodrigues Ferreira.<\/p>\n<p style=\"text-align: justify;\">Da parte do Minist\u00e9rio P\u00fablico atuou o promotor substituto Carlos Leonardo Martins da Silva. Na parte de defesa ao r\u00e9u os advogados Edilson Gomes da Silva, Ariane Gomes Fontes e Tain\u00e1 de Lima Ven\u00e2ncio.<\/p>\n<p style=\"text-align: justify;\">A sess\u00e3o iniciou com o sorteio de 7 jurados compostos por 3 mulheres e 4 homens. Em seguida foram interrogadas presencialmente tr\u00eas testemunhas: Pabulo Bringel, M\u00e1rcia Peres e C\u00e9lia Alves (irm\u00e3 de Paulo). Outras testemunhas e v\u00edtimas fizeram depoimento por meio de v\u00eddeos que foram gravados em datas anteriores.<\/p>\n<p style=\"text-align: justify;\">PERD\u00c3O<br \/>\nAo ser interrogado pelo ju\u00edz, Paulo negou qualquer inten\u00e7\u00e3o em cometer o crime. Disse que perdeu o controle de dire\u00e7\u00e3o de sua caminhonete ao passar por uma valeta. &#8220;Eu bati com o queixo no volante e desmaiei. S\u00f3 acordei no outro dia quando um policial me perguntou se eu lembrava do que fiz. Quando ele falou que morreram 2 pessoas entrei em desespero&#8221;, relatou o r\u00e9u.<\/p>\n<p style=\"text-align: justify;\">Ainda em seu depoimento, Paulo disse que estava arrependido do ocorrido e pediu perd\u00e3o aos familiares das v\u00edtimas. &#8220;Se eu pudesse daria minha pr\u00f3pria vida para trazer aquelas pessoas de volta&#8221;, disse com voz embargada.<\/p>\n<p style=\"text-align: justify;\">Paulo disse que estava em baixa velocidade e que n\u00e3o se considerava embriagado. Por\u00e9m, um laudo apresentado pela promotoria confirmou a embriaguez.<\/p>\n<p style=\"text-align: justify;\">O advogado pediu a absolvi\u00e7\u00e3o de seu cliente ou que os jurados n\u00e3o considerassem as 15 tentativas de homic\u00eddios.<\/p>\n<p style=\"text-align: justify;\">&#8220;\u00c9 melhor correr os ricos de salvar um culpado do que condenar um inocente. Ent\u00e3o eu como advogado pe\u00e7o a absolvi\u00e7\u00e3o do Paulo. Porque cadeia n\u00e3o conserta ningu\u00e9m&#8221;, disse a Defesa.<\/p>\n<p style=\"text-align: justify;\">A promotoria disse que o caso n\u00e3o poderia ficar impune. &#8220;Ainda que Paulo seja condenado ter\u00e1 direito de ser visitado por seus familiares. Mas e os familiares do Jo\u00e3o Bringel e do Jhonatan? (v\u00edtimas fatais)&#8221;.<\/p>\n<p style=\"text-align: justify;\">Ap\u00f3s o juiz ter lido a senten\u00e7a, os advogados e familiares do r\u00e9u comemoraram. A m\u00e3e de Paulo ficou emocionada. Ela acompanhou o julgamento at\u00e9 no final. O Minist\u00e9rio P\u00fablico poder\u00e1 recorrer dessa senten\u00e7a e pedir uma nova condena\u00e7\u00e3o.<\/p>\n<p style=\"text-align: justify;\">O CRIME<br \/>\nNo dia 26 de janeiro de 2020 havia uma confraterniza\u00e7\u00e3o em Nova Independ\u00eancia no cruzamento da avenida Nosso Senhor do Bonfim com a rua Jos\u00e9 Bonif\u00e1cio (esquina da escola Zilda Prado). Era uma festa comemorativa do anivers\u00e1rio do propriet\u00e1rio do bar, Fabr\u00edcio Bispo.<\/p>\n<p style=\"text-align: justify;\">Paulo esteve na festa e acabou se desentendo com sua companheira da \u00e9poca. Nessa desaven\u00e7a, uma mesa teria acertado uma jovem e originado outra briga com terceiros. A defesa diz que Paulo foi agredido por v\u00e1rias pessoas. Em seguida ele teria ido embora e algumas testemunhas afirmaram que ouviram Paulo dizer que retornaria. De fato, entre 10 e 15 minutos ap\u00f3s esse ocorrido o r\u00e9u retornou com sua S-10 na Cor Preta e atropelou as pessoas presentes na festa. Duas delas morreram e outras 15 sofreram ferimentos diversos, algumas delas de grande gravidade.<\/p>\n<p style=\"text-align: justify;\">Fonte: Urubupunganews<\/p>\n","protected":false},"excerpt":{"rendered":"<p>Paulo \u00e9 condenado a 11 anos e 15 dias pelas mortes e atropelamentos em Nova Independ\u00eancia. NOVA INDEPEND\u00caNCIA- Depois de mais de 15 horas de julgamento, o mec\u00e2nico Paulo Alves da Silva foi condenado a uma pena de 11 anos e 15 dias. Sendo 10 anos e seis meses pela morte de Jo\u00e3o Bringel e [&hellip;]<\/p>\n","protected":false},"author":1,"featured_media":59909,"comment_status":"closed","ping_status":"open","sticky":false,"template":"","format":"standard","meta":{"footnotes":""},"categories":[110,2],"tags":[],"class_list":["post-59908","post","type-post","status-publish","format-standard","has-post-thumbnail","hentry","category-noticiasdestaque","category-policial"],"_links":{"self":[{"href":"https:\/\/jorgezanoni.com.br\/2019\/wp-json\/wp\/v2\/posts\/59908","targetHints":{"allow":["GET"]}}],"collection":[{"href":"https:\/\/jorgezanoni.com.br\/2019\/wp-json\/wp\/v2\/posts"}],"about":[{"href":"https:\/\/jorgezanoni.com.br\/2019\/wp-json\/wp\/v2\/types\/post"}],"author":[{"embeddable":true,"href":"https:\/\/jorgezanoni.com.br\/2019\/wp-json\/wp\/v2\/users\/1"}],"replies":[{"embeddable":true,"href":"https:\/\/jorgezanoni.com.br\/2019\/wp-json\/wp\/v2\/comments?post=59908"}],"version-history":[{"count":0,"href":"https:\/\/jorgezanoni.com.br\/2019\/wp-json\/wp\/v2\/posts\/59908\/revisions"}],"wp:featuredmedia":[{"embeddable":true,"href":"https:\/\/jorgezanoni.com.br\/2019\/wp-json\/wp\/v2\/media\/59909"}],"wp:attachment":[{"href":"https:\/\/jorgezanoni.com.br\/2019\/wp-json\/wp\/v2\/media?parent=59908"}],"wp:term":[{"taxonomy":"category","embeddable":true,"href":"https:\/\/jorgezanoni.com.br\/2019\/wp-json\/wp\/v2\/categories?post=59908"},{"taxonomy":"post_tag","embeddable":true,"href":"https:\/\/jorgezanoni.com.br\/2019\/wp-json\/wp\/v2\/tags?post=59908"}],"curies":[{"name":"wp","href":"https:\/\/api.w.org\/{rel}","templated":true}]}}