{"id":59894,"date":"2022-02-17T13:25:51","date_gmt":"2022-02-17T13:25:51","guid":{"rendered":"https:\/\/jorgezanoni.com.br\/2019\/?p=59894"},"modified":"2022-02-17T13:25:51","modified_gmt":"2022-02-17T13:25:51","slug":"emdaep-programa-a-limpeza-de-dois-reservatorios","status":"publish","type":"post","link":"https:\/\/jorgezanoni.com.br\/2019\/emdaep-programa-a-limpeza-de-dois-reservatorios\/","title":{"rendered":"EMDAEP programa a limpeza de dois reservat\u00f3rios"},"content":{"rendered":"<p style=\"text-align: justify;\">Continua neste ano a programa\u00e7\u00e3o regular de limpeza dos reservat\u00f3rios de \u00e1gua no munic\u00edpio. Todas as unidades ser\u00e3o atendidas no decorrer dos pr\u00f3ximos meses.<\/p>\n<p style=\"text-align: justify;\">No pr\u00f3ximo s\u00e1bado, dia 19, ser\u00e3o lavados os reservat\u00f3rios da casa de recalque da Rua Antonio Martins e do po\u00e7o ao lado da Emefi Professor Moacir Simardi, ambos do Bairro Metr\u00f3pole.<\/p>\n<p style=\"text-align: justify;\">A equipe da EMDAEP far\u00e1 a atividade ao longo do dia, podendo ocorrer desabastecimento nos setores atendidos pelos citados reservat\u00f3rios.<\/p>\n<p style=\"text-align: justify;\">Haver\u00e1 plant\u00e3o nos telefones 3821-1146 e 3821-4110.<\/p>\n<p style=\"text-align: justify;\">Ass. Rela\u00e7\u00f5es P\u00fablicas da EMDAEP<\/p>\n","protected":false},"excerpt":{"rendered":"<p>Continua neste ano a programa\u00e7\u00e3o regular de limpeza dos reservat\u00f3rios de \u00e1gua no munic\u00edpio. Todas as unidades ser\u00e3o atendidas no decorrer dos pr\u00f3ximos meses. No pr\u00f3ximo s\u00e1bado, dia 19, ser\u00e3o lavados os reservat\u00f3rios da casa de recalque da Rua Antonio Martins e do po\u00e7o ao lado da Emefi Professor Moacir Simardi, ambos do Bairro Metr\u00f3pole. [&hellip;]<\/p>\n","protected":false},"author":1,"featured_media":59895,"comment_status":"closed","ping_status":"open","sticky":false,"template":"","format":"standard","meta":{"footnotes":""},"categories":[179,184,110],"tags":[],"class_list":["post-59894","post","type-post","status-publish","format-standard","has-post-thumbnail","hentry","category-cidadeseregiao","category-dracena","category-noticiasdestaque"],"_links":{"self":[{"href":"https:\/\/jorgezanoni.com.br\/2019\/wp-json\/wp\/v2\/posts\/59894","targetHints":{"allow":["GET"]}}],"collection":[{"href":"https:\/\/jorgezanoni.com.br\/2019\/wp-json\/wp\/v2\/posts"}],"about":[{"href":"https:\/\/jorgezanoni.com.br\/2019\/wp-json\/wp\/v2\/types\/post"}],"author":[{"embeddable":true,"href":"https:\/\/jorgezanoni.com.br\/2019\/wp-json\/wp\/v2\/users\/1"}],"replies":[{"embeddable":true,"href":"https:\/\/jorgezanoni.com.br\/2019\/wp-json\/wp\/v2\/comments?post=59894"}],"version-history":[{"count":0,"href":"https:\/\/jorgezanoni.com.br\/2019\/wp-json\/wp\/v2\/posts\/59894\/revisions"}],"wp:featuredmedia":[{"embeddable":true,"href":"https:\/\/jorgezanoni.com.br\/2019\/wp-json\/wp\/v2\/media\/59895"}],"wp:attachment":[{"href":"https:\/\/jorgezanoni.com.br\/2019\/wp-json\/wp\/v2\/media?parent=59894"}],"wp:term":[{"taxonomy":"category","embeddable":true,"href":"https:\/\/jorgezanoni.com.br\/2019\/wp-json\/wp\/v2\/categories?post=59894"},{"taxonomy":"post_tag","embeddable":true,"href":"https:\/\/jorgezanoni.com.br\/2019\/wp-json\/wp\/v2\/tags?post=59894"}],"curies":[{"name":"wp","href":"https:\/\/api.w.org\/{rel}","templated":true}]}}