{"id":59881,"date":"2022-02-17T12:37:21","date_gmt":"2022-02-17T12:37:21","guid":{"rendered":"https:\/\/jorgezanoni.com.br\/2019\/?p=59881"},"modified":"2022-02-17T12:37:21","modified_gmt":"2022-02-17T12:37:21","slug":"aniversariantes-do-dia-17-02-22","status":"publish","type":"post","link":"https:\/\/jorgezanoni.com.br\/2019\/aniversariantes-do-dia-17-02-22\/","title":{"rendered":"Aniversariantes do Dia 17\/02\/22"},"content":{"rendered":"<p>PARABENIZAMOS OS ANIVERSARIANTES DE HOJE:<\/p>\n<p><img loading=\"lazy\" decoding=\"async\" class=\"alignnone size-full wp-image-59882\" src=\"https:\/\/jorgezanoni.com.br\/2019\/wp-content\/uploads\/2022\/02\/Adriana-Grava-Vercosa-2.jpg\" alt=\"\" width=\"421\" height=\"591\" srcset=\"https:\/\/jorgezanoni.com.br\/2019\/wp-content\/uploads\/2022\/02\/Adriana-Grava-Vercosa-2.jpg 421w, https:\/\/jorgezanoni.com.br\/2019\/wp-content\/uploads\/2022\/02\/Adriana-Grava-Vercosa-2-214x300.jpg 214w, https:\/\/jorgezanoni.com.br\/2019\/wp-content\/uploads\/2022\/02\/Adriana-Grava-Vercosa-2-299x420.jpg 299w\" sizes=\"auto, (max-width: 421px) 100vw, 421px\" \/>Adriana Grava Ver\u00e7osa<\/p>\n<p><img loading=\"lazy\" decoding=\"async\" class=\"alignnone size-full wp-image-59883\" src=\"https:\/\/jorgezanoni.com.br\/2019\/wp-content\/uploads\/2022\/02\/Aline-Alvim-2.jpg\" alt=\"\" width=\"891\" height=\"949\" srcset=\"https:\/\/jorgezanoni.com.br\/2019\/wp-content\/uploads\/2022\/02\/Aline-Alvim-2.jpg 891w, https:\/\/jorgezanoni.com.br\/2019\/wp-content\/uploads\/2022\/02\/Aline-Alvim-2-282x300.jpg 282w, https:\/\/jorgezanoni.com.br\/2019\/wp-content\/uploads\/2022\/02\/Aline-Alvim-2-768x818.jpg 768w, https:\/\/jorgezanoni.com.br\/2019\/wp-content\/uploads\/2022\/02\/Aline-Alvim-2-696x741.jpg 696w, https:\/\/jorgezanoni.com.br\/2019\/wp-content\/uploads\/2022\/02\/Aline-Alvim-2-394x420.jpg 394w\" sizes=\"auto, (max-width: 891px) 100vw, 891px\" \/>Aline Alvim<\/p>\n<p><img loading=\"lazy\" decoding=\"async\" class=\"alignnone size-full wp-image-59884\" src=\"https:\/\/jorgezanoni.com.br\/2019\/wp-content\/uploads\/2022\/02\/Carol-Stefany.jpg\" alt=\"\" width=\"526\" height=\"526\" srcset=\"https:\/\/jorgezanoni.com.br\/2019\/wp-content\/uploads\/2022\/02\/Carol-Stefany.jpg 526w, https:\/\/jorgezanoni.com.br\/2019\/wp-content\/uploads\/2022\/02\/Carol-Stefany-300x300.jpg 300w, https:\/\/jorgezanoni.com.br\/2019\/wp-content\/uploads\/2022\/02\/Carol-Stefany-150x150.jpg 150w, https:\/\/jorgezanoni.com.br\/2019\/wp-content\/uploads\/2022\/02\/Carol-Stefany-420x420.jpg 420w\" sizes=\"auto, (max-width: 526px) 100vw, 526px\" \/>Carol Stefany<\/p>\n<p><img loading=\"lazy\" decoding=\"async\" class=\"alignnone size-full wp-image-59885\" src=\"https:\/\/jorgezanoni.com.br\/2019\/wp-content\/uploads\/2022\/02\/Cida-Madureira-2.jpg\" alt=\"\" width=\"1293\" height=\"1422\" srcset=\"https:\/\/jorgezanoni.com.br\/2019\/wp-content\/uploads\/2022\/02\/Cida-Madureira-2.jpg 1293w, https:\/\/jorgezanoni.com.br\/2019\/wp-content\/uploads\/2022\/02\/Cida-Madureira-2-273x300.jpg 273w, https:\/\/jorgezanoni.com.br\/2019\/wp-content\/uploads\/2022\/02\/Cida-Madureira-2-931x1024.jpg 931w, https:\/\/jorgezanoni.com.br\/2019\/wp-content\/uploads\/2022\/02\/Cida-Madureira-2-768x845.jpg 768w, https:\/\/jorgezanoni.com.br\/2019\/wp-content\/uploads\/2022\/02\/Cida-Madureira-2-696x765.jpg 696w, https:\/\/jorgezanoni.com.br\/2019\/wp-content\/uploads\/2022\/02\/Cida-Madureira-2-1068x1175.jpg 1068w, https:\/\/jorgezanoni.com.br\/2019\/wp-content\/uploads\/2022\/02\/Cida-Madureira-2-382x420.jpg 382w\" sizes=\"auto, (max-width: 1293px) 100vw, 1293px\" \/>Cida Madureira<\/p>\n<p><img loading=\"lazy\" decoding=\"async\" class=\"alignnone size-full wp-image-59886\" src=\"https:\/\/jorgezanoni.com.br\/2019\/wp-content\/uploads\/2022\/02\/Joao-Favaro-2.jpg\" alt=\"\" width=\"1163\" height=\"1490\" srcset=\"https:\/\/jorgezanoni.com.br\/2019\/wp-content\/uploads\/2022\/02\/Joao-Favaro-2.jpg 1163w, https:\/\/jorgezanoni.com.br\/2019\/wp-content\/uploads\/2022\/02\/Joao-Favaro-2-234x300.jpg 234w, https:\/\/jorgezanoni.com.br\/2019\/wp-content\/uploads\/2022\/02\/Joao-Favaro-2-799x1024.jpg 799w, https:\/\/jorgezanoni.com.br\/2019\/wp-content\/uploads\/2022\/02\/Joao-Favaro-2-768x984.jpg 768w, https:\/\/jorgezanoni.com.br\/2019\/wp-content\/uploads\/2022\/02\/Joao-Favaro-2-696x892.jpg 696w, https:\/\/jorgezanoni.com.br\/2019\/wp-content\/uploads\/2022\/02\/Joao-Favaro-2-1068x1368.jpg 1068w, https:\/\/jorgezanoni.com.br\/2019\/wp-content\/uploads\/2022\/02\/Joao-Favaro-2-328x420.jpg 328w\" sizes=\"auto, (max-width: 1163px) 100vw, 1163px\" \/>Jo\u00e3o Favaro<\/p>\n<p><img loading=\"lazy\" decoding=\"async\" class=\"alignnone size-full wp-image-59887\" src=\"https:\/\/jorgezanoni.com.br\/2019\/wp-content\/uploads\/2022\/02\/Joise-Guimaraes-2.jpg\" alt=\"\" width=\"407\" height=\"636\" srcset=\"https:\/\/jorgezanoni.com.br\/2019\/wp-content\/uploads\/2022\/02\/Joise-Guimaraes-2.jpg 407w, https:\/\/jorgezanoni.com.br\/2019\/wp-content\/uploads\/2022\/02\/Joise-Guimaraes-2-192x300.jpg 192w, https:\/\/jorgezanoni.com.br\/2019\/wp-content\/uploads\/2022\/02\/Joise-Guimaraes-2-269x420.jpg 269w\" sizes=\"auto, (max-width: 407px) 100vw, 407px\" \/>Joise Guimar\u00e3es<\/p>\n<p><img loading=\"lazy\" decoding=\"async\" class=\"alignnone size-full wp-image-59888\" src=\"https:\/\/jorgezanoni.com.br\/2019\/wp-content\/uploads\/2022\/02\/Mairusa-Violin-2.jpg\" alt=\"\" width=\"232\" height=\"306\" srcset=\"https:\/\/jorgezanoni.com.br\/2019\/wp-content\/uploads\/2022\/02\/Mairusa-Violin-2.jpg 232w, https:\/\/jorgezanoni.com.br\/2019\/wp-content\/uploads\/2022\/02\/Mairusa-Violin-2-227x300.jpg 227w\" sizes=\"auto, (max-width: 232px) 100vw, 232px\" \/>Mariusa Violin<\/p>\n<p><img loading=\"lazy\" decoding=\"async\" class=\"alignnone size-full wp-image-59889\" src=\"https:\/\/jorgezanoni.com.br\/2019\/wp-content\/uploads\/2022\/02\/Marilda-Juliao-1.jpg\" alt=\"\" width=\"720\" height=\"900\" srcset=\"https:\/\/jorgezanoni.com.br\/2019\/wp-content\/uploads\/2022\/02\/Marilda-Juliao-1.jpg 720w, https:\/\/jorgezanoni.com.br\/2019\/wp-content\/uploads\/2022\/02\/Marilda-Juliao-1-240x300.jpg 240w, https:\/\/jorgezanoni.com.br\/2019\/wp-content\/uploads\/2022\/02\/Marilda-Juliao-1-696x870.jpg 696w, https:\/\/jorgezanoni.com.br\/2019\/wp-content\/uploads\/2022\/02\/Marilda-Juliao-1-336x420.jpg 336w\" sizes=\"auto, (max-width: 720px) 100vw, 720px\" \/>Marilda Juli\u00e3o<\/p>\n<p><img loading=\"lazy\" decoding=\"async\" class=\"alignnone size-full wp-image-59890\" src=\"https:\/\/jorgezanoni.com.br\/2019\/wp-content\/uploads\/2022\/02\/Renan-Scarparo-lobo-17.jpg\" alt=\"\" width=\"863\" height=\"1280\" srcset=\"https:\/\/jorgezanoni.com.br\/2019\/wp-content\/uploads\/2022\/02\/Renan-Scarparo-lobo-17.jpg 863w, https:\/\/jorgezanoni.com.br\/2019\/wp-content\/uploads\/2022\/02\/Renan-Scarparo-lobo-17-202x300.jpg 202w, https:\/\/jorgezanoni.com.br\/2019\/wp-content\/uploads\/2022\/02\/Renan-Scarparo-lobo-17-690x1024.jpg 690w, https:\/\/jorgezanoni.com.br\/2019\/wp-content\/uploads\/2022\/02\/Renan-Scarparo-lobo-17-768x1139.jpg 768w, https:\/\/jorgezanoni.com.br\/2019\/wp-content\/uploads\/2022\/02\/Renan-Scarparo-lobo-17-696x1032.jpg 696w, https:\/\/jorgezanoni.com.br\/2019\/wp-content\/uploads\/2022\/02\/Renan-Scarparo-lobo-17-283x420.jpg 283w\" sizes=\"auto, (max-width: 863px) 100vw, 863px\" \/>Renan Scarparo Lobo<\/p>\n<p><img loading=\"lazy\" decoding=\"async\" class=\"alignnone size-full wp-image-59892\" src=\"https:\/\/jorgezanoni.com.br\/2019\/wp-content\/uploads\/2022\/02\/Yris-Yasmim-2.jpg\" alt=\"\" width=\"729\" height=\"954\" srcset=\"https:\/\/jorgezanoni.com.br\/2019\/wp-content\/uploads\/2022\/02\/Yris-Yasmim-2.jpg 729w, https:\/\/jorgezanoni.com.br\/2019\/wp-content\/uploads\/2022\/02\/Yris-Yasmim-2-229x300.jpg 229w, https:\/\/jorgezanoni.com.br\/2019\/wp-content\/uploads\/2022\/02\/Yris-Yasmim-2-696x911.jpg 696w, https:\/\/jorgezanoni.com.br\/2019\/wp-content\/uploads\/2022\/02\/Yris-Yasmim-2-321x420.jpg 321w\" sizes=\"auto, (max-width: 729px) 100vw, 729px\" \/>Yris Yasmim<\/p>\n","protected":false},"excerpt":{"rendered":"<p>PARABENIZAMOS OS ANIVERSARIANTES DE HOJE: Adriana Grava Ver\u00e7osa Aline Alvim Carol Stefany Cida Madureira Jo\u00e3o Favaro Joise Guimar\u00e3es Mariusa Violin Marilda Juli\u00e3o Renan Scarparo Lobo Yris Yasmim<\/p>\n","protected":false},"author":1,"featured_media":59883,"comment_status":"closed","ping_status":"open","sticky":false,"template":"","format":"standard","meta":{"footnotes":""},"categories":[174,110],"tags":[],"class_list":["post-59881","post","type-post","status-publish","format-standard","has-post-thumbnail","hentry","category-aniversariantes","category-noticiasdestaque"],"_links":{"self":[{"href":"https:\/\/jorgezanoni.com.br\/2019\/wp-json\/wp\/v2\/posts\/59881","targetHints":{"allow":["GET"]}}],"collection":[{"href":"https:\/\/jorgezanoni.com.br\/2019\/wp-json\/wp\/v2\/posts"}],"about":[{"href":"https:\/\/jorgezanoni.com.br\/2019\/wp-json\/wp\/v2\/types\/post"}],"author":[{"embeddable":true,"href":"https:\/\/jorgezanoni.com.br\/2019\/wp-json\/wp\/v2\/users\/1"}],"replies":[{"embeddable":true,"href":"https:\/\/jorgezanoni.com.br\/2019\/wp-json\/wp\/v2\/comments?post=59881"}],"version-history":[{"count":0,"href":"https:\/\/jorgezanoni.com.br\/2019\/wp-json\/wp\/v2\/posts\/59881\/revisions"}],"wp:featuredmedia":[{"embeddable":true,"href":"https:\/\/jorgezanoni.com.br\/2019\/wp-json\/wp\/v2\/media\/59883"}],"wp:attachment":[{"href":"https:\/\/jorgezanoni.com.br\/2019\/wp-json\/wp\/v2\/media?parent=59881"}],"wp:term":[{"taxonomy":"category","embeddable":true,"href":"https:\/\/jorgezanoni.com.br\/2019\/wp-json\/wp\/v2\/categories?post=59881"},{"taxonomy":"post_tag","embeddable":true,"href":"https:\/\/jorgezanoni.com.br\/2019\/wp-json\/wp\/v2\/tags?post=59881"}],"curies":[{"name":"wp","href":"https:\/\/api.w.org\/{rel}","templated":true}]}}