{"id":59875,"date":"2022-02-16T23:06:07","date_gmt":"2022-02-16T23:06:07","guid":{"rendered":"https:\/\/jorgezanoni.com.br\/2019\/?p=59875"},"modified":"2022-02-16T23:06:07","modified_gmt":"2022-02-16T23:06:07","slug":"galeria-do-jardim-jussara-sera-concluida-em-breve","status":"publish","type":"post","link":"https:\/\/jorgezanoni.com.br\/2019\/galeria-do-jardim-jussara-sera-concluida-em-breve\/","title":{"rendered":"Galeria do Jardim Jussara ser\u00e1 conclu\u00edda em breve"},"content":{"rendered":"<p style=\"text-align: justify;\">A galeria de \u00e1guas pluviais entre as Ruas Marechal Deodoro da Fonseca e Ipiranga, no Jardim Jussara, j\u00e1 teve a coloca\u00e7\u00e3o de boa parte dos tubos de concreto. Faltam em torno de 85 metros de extens\u00e3o para a interliga\u00e7\u00e3o com a galeria existente na Rua Ipiranga.<\/p>\n<p style=\"text-align: justify;\">O vice-prefeito Guido Francisco Baggio, presidente da EMDAEP, vistoriou as obras, nesta quarta-feira, acompanhado do diretor L\u00e9o Coelho de Andrade. H\u00e1 expectativa que ao longo do m\u00eas de mar\u00e7o os servi\u00e7os fiquem pr\u00f3ximos de sua conclus\u00e3o.<\/p>\n<p style=\"text-align: justify;\">O investimento acima de R$ 1,2 milh\u00e3o \u00e9 de responsabilidade da Prefeitura, com execu\u00e7\u00e3o pela EMDAEP.<\/p>\n<p style=\"text-align: justify;\">O terreno por onde passa a galeria come\u00e7a a receber entulhos para o aterro da eros\u00e3o por onde a \u00e1gua da chuva corre atualmente.<\/p>\n<p><img loading=\"lazy\" decoding=\"async\" class=\"alignnone size-full wp-image-59877\" src=\"https:\/\/jorgezanoni.com.br\/2019\/wp-content\/uploads\/2022\/02\/galeria1.jpg\" alt=\"\" width=\"1024\" height=\"661\" srcset=\"https:\/\/jorgezanoni.com.br\/2019\/wp-content\/uploads\/2022\/02\/galeria1.jpg 1024w, https:\/\/jorgezanoni.com.br\/2019\/wp-content\/uploads\/2022\/02\/galeria1-300x194.jpg 300w, https:\/\/jorgezanoni.com.br\/2019\/wp-content\/uploads\/2022\/02\/galeria1-768x496.jpg 768w, https:\/\/jorgezanoni.com.br\/2019\/wp-content\/uploads\/2022\/02\/galeria1-696x449.jpg 696w, https:\/\/jorgezanoni.com.br\/2019\/wp-content\/uploads\/2022\/02\/galeria1-651x420.jpg 651w\" sizes=\"auto, (max-width: 1024px) 100vw, 1024px\" \/> <img loading=\"lazy\" decoding=\"async\" class=\"alignnone size-full wp-image-59878\" src=\"https:\/\/jorgezanoni.com.br\/2019\/wp-content\/uploads\/2022\/02\/galeria2.jpg\" alt=\"\" width=\"789\" height=\"768\" srcset=\"https:\/\/jorgezanoni.com.br\/2019\/wp-content\/uploads\/2022\/02\/galeria2.jpg 789w, https:\/\/jorgezanoni.com.br\/2019\/wp-content\/uploads\/2022\/02\/galeria2-300x292.jpg 300w, https:\/\/jorgezanoni.com.br\/2019\/wp-content\/uploads\/2022\/02\/galeria2-768x748.jpg 768w, https:\/\/jorgezanoni.com.br\/2019\/wp-content\/uploads\/2022\/02\/galeria2-696x677.jpg 696w, https:\/\/jorgezanoni.com.br\/2019\/wp-content\/uploads\/2022\/02\/galeria2-431x420.jpg 431w\" sizes=\"auto, (max-width: 789px) 100vw, 789px\" \/>Ass. de Rela\u00e7\u00f5es P\u00fablicas da EMDAEP<\/p>\n","protected":false},"excerpt":{"rendered":"<p>A galeria de \u00e1guas pluviais entre as Ruas Marechal Deodoro da Fonseca e Ipiranga, no Jardim Jussara, j\u00e1 teve a coloca\u00e7\u00e3o de boa parte dos tubos de concreto. Faltam em torno de 85 metros de extens\u00e3o para a interliga\u00e7\u00e3o com a galeria existente na Rua Ipiranga. O vice-prefeito Guido Francisco Baggio, presidente da EMDAEP, vistoriou [&hellip;]<\/p>\n","protected":false},"author":1,"featured_media":59876,"comment_status":"closed","ping_status":"open","sticky":false,"template":"","format":"standard","meta":{"footnotes":""},"categories":[179,184,110],"tags":[],"class_list":["post-59875","post","type-post","status-publish","format-standard","has-post-thumbnail","hentry","category-cidadeseregiao","category-dracena","category-noticiasdestaque"],"_links":{"self":[{"href":"https:\/\/jorgezanoni.com.br\/2019\/wp-json\/wp\/v2\/posts\/59875","targetHints":{"allow":["GET"]}}],"collection":[{"href":"https:\/\/jorgezanoni.com.br\/2019\/wp-json\/wp\/v2\/posts"}],"about":[{"href":"https:\/\/jorgezanoni.com.br\/2019\/wp-json\/wp\/v2\/types\/post"}],"author":[{"embeddable":true,"href":"https:\/\/jorgezanoni.com.br\/2019\/wp-json\/wp\/v2\/users\/1"}],"replies":[{"embeddable":true,"href":"https:\/\/jorgezanoni.com.br\/2019\/wp-json\/wp\/v2\/comments?post=59875"}],"version-history":[{"count":0,"href":"https:\/\/jorgezanoni.com.br\/2019\/wp-json\/wp\/v2\/posts\/59875\/revisions"}],"wp:featuredmedia":[{"embeddable":true,"href":"https:\/\/jorgezanoni.com.br\/2019\/wp-json\/wp\/v2\/media\/59876"}],"wp:attachment":[{"href":"https:\/\/jorgezanoni.com.br\/2019\/wp-json\/wp\/v2\/media?parent=59875"}],"wp:term":[{"taxonomy":"category","embeddable":true,"href":"https:\/\/jorgezanoni.com.br\/2019\/wp-json\/wp\/v2\/categories?post=59875"},{"taxonomy":"post_tag","embeddable":true,"href":"https:\/\/jorgezanoni.com.br\/2019\/wp-json\/wp\/v2\/tags?post=59875"}],"curies":[{"name":"wp","href":"https:\/\/api.w.org\/{rel}","templated":true}]}}