{"id":59830,"date":"2022-02-15T21:20:21","date_gmt":"2022-02-15T21:20:21","guid":{"rendered":"https:\/\/jorgezanoni.com.br\/2019\/?p=59830"},"modified":"2022-02-15T21:20:21","modified_gmt":"2022-02-15T21:20:21","slug":"docente-de-psicologia-da-unifadra-conclui-mestrado-profa-laizi-da-silva-santos","status":"publish","type":"post","link":"https:\/\/jorgezanoni.com.br\/2019\/docente-de-psicologia-da-unifadra-conclui-mestrado-profa-laizi-da-silva-santos\/","title":{"rendered":"Docente de Psicologia da Unifadra conclui Mestrado &#8211; Profa. La\u00edzi da Silva Santos"},"content":{"rendered":"<p style=\"text-align: justify;\"><span style=\"font-size: large;\">A docente do curso de Psicologia da Unifadra Dracena Profa. La\u00edzi da Silva Santos fez sua apresenta\u00e7\u00e3o de defesa no dia 9 de fevereiro e concluiu o Mestrado em Educa\u00e7\u00e3o pela Unoeste de Presidente Prudente.<\/span><\/p>\n<p><span style=\"font-size: large;\">Para a disserta\u00e7\u00e3o &#8220;Aprendizagem Baseada em Projetos: contribui\u00e7\u00f5es para a forma\u00e7\u00e3o de Psicologia&#8221;, a psic\u00f3loga e docente da Fundec utilizou como campo de pesquisa a Unifadra, tendo como participantes os estudantes do 9\u00ba termo de Psicologia (2021), sendo orientada pelo\u00a0<\/span>Prof. Dr.<span style=\"font-size: large;\">\u00a0Sidinei de Oliveira Sousa.<\/span><\/p>\n<p><span style=\"font-size: large;\">Na banca de avalia\u00e7\u00e3o, estiveram presentes a Dra. Elisa Tomoe Moriya Schl\u00fcnzen (Unoeste) e o Dr. Klaus Schl\u00fcnzen Junior (Unesp de Presidente Prudente).<\/span><\/p>\n<p><span style=\"font-size: large;\">O trabalho ser\u00e1 publicado na Biblioteca Digital Brasileira de Teses e Disserta\u00e7\u00f5es (BDTD), que integra os sistemas de informa\u00e7\u00e3o de teses e disserta\u00e7\u00f5es existentes nas institui\u00e7\u00f5es de ensino e pesquisa do Brasil, e tamb\u00e9m estimula o registro e a publica\u00e7\u00e3o de teses e disserta\u00e7\u00f5es em meio eletr\u00f4nico. Saiba mais:\u00a0<a href=\"https:\/\/bdtd.ibict.br\/\" target=\"_blank\" rel=\"noopener noreferrer\">https:\/\/bdtd.ibict.br<\/a><\/span><\/p>\n<p><span style=\"font-size: large;\">A dire\u00e7\u00e3o acad\u00eamica e a coordena\u00e7\u00e3o da Unifadra parabenizam a professora La\u00edzi da Silva Santos pela conquista e ressaltam a import\u00e2ncia da busca cont\u00ednua do conhecimento para seu crescimento pessoal, bem como para a Institui\u00e7\u00e3o, que passa a contar no seu corpo docente com profissionais titulados, cada vez mais qualificados e sempre atualizados, contribuindo de forma significativa para o enriquecimento e o desenvolvimento do curso.<\/span><\/p>\n<p>Fonte: Depto. Comunica\u00e7\u00e3o Fundec<\/p>\n","protected":false},"excerpt":{"rendered":"<p>A docente do curso de Psicologia da Unifadra Dracena Profa. La\u00edzi da Silva Santos fez sua apresenta\u00e7\u00e3o de defesa no dia 9 de fevereiro e concluiu o Mestrado em Educa\u00e7\u00e3o pela Unoeste de Presidente Prudente. Para a disserta\u00e7\u00e3o &#8220;Aprendizagem Baseada em Projetos: contribui\u00e7\u00f5es para a forma\u00e7\u00e3o de Psicologia&#8221;, a psic\u00f3loga e docente da Fundec utilizou [&hellip;]<\/p>\n","protected":false},"author":1,"featured_media":59831,"comment_status":"closed","ping_status":"open","sticky":false,"template":"","format":"standard","meta":{"footnotes":""},"categories":[110,122],"tags":[],"class_list":["post-59830","post","type-post","status-publish","format-standard","has-post-thumbnail","hentry","category-noticiasdestaque","category-saudeeducacaoeconcurso"],"_links":{"self":[{"href":"https:\/\/jorgezanoni.com.br\/2019\/wp-json\/wp\/v2\/posts\/59830","targetHints":{"allow":["GET"]}}],"collection":[{"href":"https:\/\/jorgezanoni.com.br\/2019\/wp-json\/wp\/v2\/posts"}],"about":[{"href":"https:\/\/jorgezanoni.com.br\/2019\/wp-json\/wp\/v2\/types\/post"}],"author":[{"embeddable":true,"href":"https:\/\/jorgezanoni.com.br\/2019\/wp-json\/wp\/v2\/users\/1"}],"replies":[{"embeddable":true,"href":"https:\/\/jorgezanoni.com.br\/2019\/wp-json\/wp\/v2\/comments?post=59830"}],"version-history":[{"count":0,"href":"https:\/\/jorgezanoni.com.br\/2019\/wp-json\/wp\/v2\/posts\/59830\/revisions"}],"wp:featuredmedia":[{"embeddable":true,"href":"https:\/\/jorgezanoni.com.br\/2019\/wp-json\/wp\/v2\/media\/59831"}],"wp:attachment":[{"href":"https:\/\/jorgezanoni.com.br\/2019\/wp-json\/wp\/v2\/media?parent=59830"}],"wp:term":[{"taxonomy":"category","embeddable":true,"href":"https:\/\/jorgezanoni.com.br\/2019\/wp-json\/wp\/v2\/categories?post=59830"},{"taxonomy":"post_tag","embeddable":true,"href":"https:\/\/jorgezanoni.com.br\/2019\/wp-json\/wp\/v2\/tags?post=59830"}],"curies":[{"name":"wp","href":"https:\/\/api.w.org\/{rel}","templated":true}]}}