{"id":5982,"date":"2019-09-12T15:39:57","date_gmt":"2019-09-12T15:39:57","guid":{"rendered":"https:\/\/jorgezanoni.com.br\/2019\/?p=5982"},"modified":"2019-09-12T15:44:19","modified_gmt":"2019-09-12T15:44:19","slug":"confira-o-plantao-policial-das-ultimas-horas-12-09-19","status":"publish","type":"post","link":"https:\/\/jorgezanoni.com.br\/2019\/confira-o-plantao-policial-das-ultimas-horas-12-09-19\/","title":{"rendered":"Confira o Plant\u00e3o Policial das \u00daltimas Horas 12\/09\/19"},"content":{"rendered":"<p style=\"text-align: justify;\"><strong>POL\u00cdCIA MILITAR LOCALIZA EM FLAGRANTE HOMEM DE 70 ANOS COM PRODUTO FURTADO EM OSVALDO CRUZ\/SP.<\/strong><\/p>\n<p style=\"text-align: justify;\">Furto &#8211; Flagrante<\/p>\n<p style=\"text-align: justify;\">Data: 11SET19 \u00e0s 13h49min.<\/p>\n<p style=\"text-align: justify;\">Endere\u00e7o: Avenida Estados Unidos, 25\u2013Jd. Guaruj\u00e1\u2013Osvaldo Cruz\/SP.<\/p>\n<p style=\"text-align: justify;\">V\u00edtima:A.F.R.G (54 anos)<\/p>\n<p style=\"text-align: justify;\">Autor: J.O.B.F (70 anos)<\/p>\n<p style=\"text-align: justify;\">Apreens\u00e3o: 01 bicicleta monark vermelha<\/p>\n<p style=\"text-align: justify;\">No dia 11SET19 por volta das 13h49min a Pol\u00edcia Militar foi informada pela v\u00edtima alegando ter deixado a sua bicicleta defronte a um supermercado e ao retornar n\u00e3o mais a encontrou. Foram envidados esfor\u00e7os para que fosse localizado, inclusive ao ser verificado pelo sistema de monitoramento foi verificado o momento que o autor furta a bicicleta, e conseguido atrav\u00e9s de buscas localiz\u00e1-lo, ainda de posse do produto furtado. Foi dado voz de voz de pris\u00e3o em flagrante delito ao autor por infringir o artigo 155 do C\u00f3digo Penal, permanecendo preso.<\/p>\n<p style=\"text-align: justify;\"><strong>SEMPRE ATENTOS: ABORDAGEM DE ROTINA RESULTA EM PRIS\u00c3O DE CONDENADO DA JUSTI\u00c7A EM OSVALDO CRUZ\/SP. <\/strong><\/p>\n<p style=\"text-align: justify;\">Condenado Capturado<\/p>\n<p style=\"text-align: justify;\">Data: 11SET19 \u00e0s 18h30min.<\/p>\n<p style=\"text-align: justify;\">Endere\u00e7o: Rua Fernando Costa- Centro\u2013Osvaldo Cruz\/SP.<\/p>\n<p style=\"text-align: justify;\">Autor: G.H.C.S (30 anos)<\/p>\n<p style=\"text-align: justify;\">No dia 11SET por volta das 18h30min a Pol\u00edcia Militar em patrulhamento pela Rua Fernando Costa avistou v\u00e1rios indiv\u00edduos na \u00e1rea de uma resid\u00eancia abandonada, sendo abordados e constatado que G.H.C.S 30 anos tinha um mandado de pris\u00e3o em seu desfavor pelo delito de furto, de (11) onze meses e (04) quatro dias a cumprir em regime semi aberto, comarca de Osvaldo Cruz. Diante dos fatos foi dada voz de pris\u00e3o, permanecendo a disposi\u00e7\u00e3o da Justi\u00e7a, preso.<\/p>\n<p style=\"text-align: justify;\"><strong>BRIGA DE CASAL TERMINA COM CONDENADO DA JUSTI\u00c7A PRESO. <\/strong><\/p>\n<p style=\"text-align: justify;\">Condenado Capturado<\/p>\n<p style=\"text-align: justify;\">Data: 11SET19 \u00e0s 10h23min.<\/p>\n<p style=\"text-align: justify;\">Endere\u00e7o: Rua Vig\u00edlio Pagnozzi,822\u2013 Vila It\u00e1lia\/SP &#8211; Dracena<\/p>\n<p style=\"text-align: justify;\">Indiciado: B.C.S. (27 anos)<\/p>\n<p style=\"text-align: justify;\">V\u00edtima: R.A.R (36 anos) mulher<\/p>\n<p style=\"text-align: justify;\">No dia 11SET por volta das 10h23min por solicita\u00e7\u00e3o via 190 foi feito contato com a v\u00edtima na Santa Casa de Dracena, que informou que desde sexta-feira passada est\u00e1 sendo agredida pelo seu am\u00e1sio B.C.S 27 anos. Foi feito patrulhamento e localizado nos fundos de uma resid\u00eancia na rua Caramuru. Durante as pesquisas de sua vida pregressa foi constatado que havia um mandado de pris\u00e3o em seu desfavor de um crime de furto da comarca de Campo Grande\/MS, permanecendo preso. Com refer\u00eancia as agress\u00f5es j\u00e1 havia um boletim de ocorr\u00eancia da civil registrado final de semana e est\u00e1 sendo tomada as devidas provid\u00eancias.<\/p>\n<p style=\"text-align: justify;\"><strong>FOR\u00c7A T\u00c1TICA PRENDE CONDENADO PELA JUSTI\u00c7A EM DRACENA\/SP. <\/strong><\/p>\n<p style=\"text-align: justify;\">Condenado Capturado<\/p>\n<p style=\"text-align: justify;\">Data: 11SET19 \u00e0s 22h50min.<\/p>\n<p style=\"text-align: justify;\">Endere\u00e7o: Rua Fagundes Varela c Rua Graciliano Ramos \u2013 Dracena\/SP.<\/p>\n<p style=\"text-align: justify;\">Autor: D.C.L<\/p>\n<p style=\"text-align: justify;\">No dia 11SET por volta das 22h50min em patrulhamento de For\u00e7a t\u00e1tica pela cidade de Dracena, foi avistado um indiv\u00edduo na via e ao ser realizado abordagem constatou-se contra o indiv\u00edduo um mandado de pris\u00e3o expedido pelo F\u00f3rum da Comarca de Dracena. Encaminhado ao plant\u00e3o policial permanecendo a disposi\u00e7\u00e3o da Justi\u00e7a permanecendo preso.<\/p>\n<p style=\"text-align: justify;\"><strong>FOR\u00c7A T\u00c1TICA AGE ANTES DA V\u00cdTIMA PERCEBER O FURTO, RECUPERANDO TODOS OS PRODUTOS. <\/strong><\/p>\n<p style=\"text-align: justify;\">Furto &#8211; Flagrante<\/p>\n<p style=\"text-align: justify;\">Data: 11SET19 \u00e0s 19h40min.<\/p>\n<p style=\"text-align: justify;\">Endere\u00e7o: Rua Florian\u00f3polis275 \u2013Centro \u2013 Dracena\/SP.<\/p>\n<p style=\"text-align: justify;\">Autor: B.G.P(19 anos)<\/p>\n<p style=\"text-align: justify;\">V\u00edtima: M.N.R (19 anos)<\/p>\n<p style=\"text-align: justify;\">Apreens\u00f5es: Carteira marca Lacoste, contendo R$ 157,00 reais e documentos pessoais.No dia 11SET por volta das 19h40min a equipe de For\u00e7a T\u00e1tica em patrulhamento pela rua Bahia ao convergir a direita na rua Florian\u00f3polis avistou B.G.P(19 anos) com um objeto na m\u00e3o e ao avistar a equipe policial jogou tal objeto debaixo de um ve\u00edculo. De imediato foi abordado e ao verificar o dispensado, constatou -se ser uma carteira contendo R$ 157,00 reais em dinheiro e documentos pessoais, que pertencia ao propriet\u00e1rio de um ve\u00edculo no local estacionado.<\/p>\n<p style=\"text-align: justify;\">Foi localizado o propriet\u00e1rio, confirmado o furto e devolvido o objeto.<\/p>\n<p style=\"text-align: justify;\">Dado voz de pris\u00e3o em flagrante pelo crime de furto, permanecendo preso \u00e0 disposi\u00e7\u00e3o da Justi\u00e7a.<\/p>\n<p style=\"text-align: justify;\">#25BPMI<\/p>\n<p style=\"text-align: justify;\">#POLICIAMILITARSP<\/p>\n<p style=\"text-align: justify;\">#AFOR\u00c7AP\u00daBLICADES\u00c3OPAULO<\/p>\n<p style=\"text-align: justify;\">Fonte: COMUNICA\u00c7\u00c3O SOCIAL DO 25\u00ba BPM\/I &#8211; Dracena e regi\u00e3o.<\/p>\n<p style=\"text-align: justify;\">\n","protected":false},"excerpt":{"rendered":"<p>POL\u00cdCIA MILITAR LOCALIZA EM FLAGRANTE HOMEM DE 70 ANOS COM PRODUTO FURTADO EM OSVALDO CRUZ\/SP. Furto &#8211; Flagrante Data: 11SET19 \u00e0s 13h49min. Endere\u00e7o: Avenida Estados Unidos, 25\u2013Jd. Guaruj\u00e1\u2013Osvaldo Cruz\/SP. V\u00edtima:A.F.R.G (54 anos) Autor: J.O.B.F (70 anos) Apreens\u00e3o: 01 bicicleta monark vermelha No dia 11SET19 por volta das 13h49min a Pol\u00edcia Militar foi informada pela v\u00edtima [&hellip;]<\/p>\n","protected":false},"author":1,"featured_media":5983,"comment_status":"closed","ping_status":"open","sticky":false,"template":"","format":"standard","meta":{"footnotes":""},"categories":[110,2],"tags":[],"class_list":["post-5982","post","type-post","status-publish","format-standard","has-post-thumbnail","hentry","category-noticiasdestaque","category-policial"],"_links":{"self":[{"href":"https:\/\/jorgezanoni.com.br\/2019\/wp-json\/wp\/v2\/posts\/5982","targetHints":{"allow":["GET"]}}],"collection":[{"href":"https:\/\/jorgezanoni.com.br\/2019\/wp-json\/wp\/v2\/posts"}],"about":[{"href":"https:\/\/jorgezanoni.com.br\/2019\/wp-json\/wp\/v2\/types\/post"}],"author":[{"embeddable":true,"href":"https:\/\/jorgezanoni.com.br\/2019\/wp-json\/wp\/v2\/users\/1"}],"replies":[{"embeddable":true,"href":"https:\/\/jorgezanoni.com.br\/2019\/wp-json\/wp\/v2\/comments?post=5982"}],"version-history":[{"count":0,"href":"https:\/\/jorgezanoni.com.br\/2019\/wp-json\/wp\/v2\/posts\/5982\/revisions"}],"wp:featuredmedia":[{"embeddable":true,"href":"https:\/\/jorgezanoni.com.br\/2019\/wp-json\/wp\/v2\/media\/5983"}],"wp:attachment":[{"href":"https:\/\/jorgezanoni.com.br\/2019\/wp-json\/wp\/v2\/media?parent=5982"}],"wp:term":[{"taxonomy":"category","embeddable":true,"href":"https:\/\/jorgezanoni.com.br\/2019\/wp-json\/wp\/v2\/categories?post=5982"},{"taxonomy":"post_tag","embeddable":true,"href":"https:\/\/jorgezanoni.com.br\/2019\/wp-json\/wp\/v2\/tags?post=5982"}],"curies":[{"name":"wp","href":"https:\/\/api.w.org\/{rel}","templated":true}]}}