{"id":59744,"date":"2022-02-15T14:08:55","date_gmt":"2022-02-15T14:08:55","guid":{"rendered":"https:\/\/jorgezanoni.com.br\/2019\/?p=59744"},"modified":"2022-02-15T14:08:55","modified_gmt":"2022-02-15T14:08:55","slug":"arnaldo-jabor-morre-aos-81-anos-em-sao-paulo","status":"publish","type":"post","link":"https:\/\/jorgezanoni.com.br\/2019\/arnaldo-jabor-morre-aos-81-anos-em-sao-paulo\/","title":{"rendered":"Arnaldo Jabor morre aos 81 anos em S\u00e3o Paulo"},"content":{"rendered":"<h2 class=\"content-head__subtitle\" style=\"text-align: justify;\"><strong>Cineasta, cronista e jornalista estava internado Hospital S\u00edrio-Liban\u00eas, na regi\u00e3o central da cidade, desde dezembro, quando sofreu um acidente vascular cerebral (AVC). Ele morreu na madrugada desta ter\u00e7a (15).<\/strong><\/h2>\n<div class=\"mc-column content-text active-extra-styles \" data-block-type=\"unstyled\" data-block-weight=\"20\" data-block-id=\"2\">\n<p class=\"content-text__container \" style=\"text-align: justify;\" data-track-category=\"Link no Texto\" data-track-links=\"\">O cineasta, cronista e jornalista\u00a0<a href=\"https:\/\/g1.globo.com\/tudo-sobre\/arnaldo-jabor\/\">Arnaldo Jabor<\/a>, de 81 anos, morreu na madrugada desta ter\u00e7a (15) em S\u00e3o Paulo.<\/p>\n<\/div>\n<div class=\"wall protected-content\">\n<div class=\"mc-column content-text active-extra-styles \" style=\"text-align: justify;\" data-block-type=\"unstyled\" data-block-weight=\"16\" data-block-id=\"3\">\n<p class=\"content-text__container \" data-track-category=\"Link no Texto\" data-track-links=\"\">Ele estava internado desde dezembro do ano passado no Hospital S\u00edrio-Liban\u00eas, na regi\u00e3o central da cidade.<\/p>\n<\/div>\n<div class=\"mc-column content-text active-extra-styles \" style=\"text-align: justify;\" data-block-type=\"unstyled\" data-block-weight=\"27\" data-block-id=\"4\">\n<p class=\"content-text__container \" data-track-category=\"Link no Texto\" data-track-links=\"\">Jabor havia sido hospitalizado\u00a0<a href=\"https:\/\/g1.globo.com\/sp\/sao-paulo\/noticia\/2021\/12\/20\/arnaldo-jabor-e-internado-no-hospital-sirio-libanes-em-sp.ghtml\">ap\u00f3s sofrer um acidente vascular cerebral (AVC)<\/a>. Segundo a fam\u00edlia, ele faleceu por volta da meia-noite, em decorr\u00eancia de complica\u00e7\u00f5es do AVC.<\/p>\n<\/div>\n<div class=\"mc-column content-text active-extra-styles\" style=\"text-align: justify;\" data-block-type=\"raw\" data-block-weight=\"20\" data-block-id=\"5\">\n<ul class=\"content-unordered-list\">\n<li><a href=\"https:\/\/g1.globo.com\/saude\/noticia\/2022\/02\/15\/entenda-o-que-e-o-avc-saiba-identificar-os-sinais-de-um-derrame.ghtml\">Entenda o que \u00e9 o AVC, que levou \u00e0 morte de Arnaldo Jabor; saiba identificar os sinais de um derrame<\/a>.<\/li>\n<li><\/li>\n<li>Jabor dirigiu &#8220;Eu sei que vou te amar&#8221; (1986), indicado \u00e0 Palma de Ouro de melhor filme do Festival de Cannes. Era colunista de telejornais da TV Globo desde 1991.<\/li>\n<\/ul>\n<\/div>\n<div class=\"mc-column content-text active-extra-styles \" data-block-type=\"unstyled\" data-block-weight=\"31\" data-block-id=\"6\">\n<div class=\"mc-column content-text active-extra-styles\" style=\"text-align: justify;\" data-block-type=\"raw\" data-block-weight=\"1\" data-block-id=\"9\">\n<div class=\"content-intertitle\">\n<h2>Trajet\u00f3ria<\/h2>\n<p><a href=\"https:\/\/g1.globo.com\/tudo-sobre\/arnaldo-jabor\/\">Arnaldo Jabor<\/a>\u00a0teve extensa carreira dedicada ao cinema, \u00e0 literatura e ao jornalismo. No cinema, dirigiu sete longas, dois curtas e dois document\u00e1rios. Tamb\u00e9m era cronista e jornalista.<\/p>\n<\/div>\n<\/div>\n<div class=\"mc-column content-text active-extra-styles \" data-block-type=\"unstyled\" data-block-weight=\"38\" data-block-id=\"11\">\n<p class=\"content-text__container \" style=\"text-align: justify;\" data-track-category=\"Link no Texto\" data-track-links=\"\">Formado no ambiente do Cinema Novo, Jabor participou da segunda fase do movimento, um dos maiores do pa\u00eds, conhecido por retratar quest\u00f5es pol\u00edticas e sociais do Brasil inspirado no neorrealismo italiano e na nouvelle vague francesa.<\/p>\n<p style=\"text-align: justify;\" data-track-category=\"Link no Texto\" data-track-links=\"\">Fonte: https:\/\/g1.globo.com\/sp\/sao-paulo\/noticia\/2022\/02\/15\/arnaldo-jabor-morre-aos-81-anos-em-sao-paulo.ghtml<\/p>\n<\/div>\n<\/div>\n<\/div>\n","protected":false},"excerpt":{"rendered":"<p>Cineasta, cronista e jornalista estava internado Hospital S\u00edrio-Liban\u00eas, na regi\u00e3o central da cidade, desde dezembro, quando sofreu um acidente vascular cerebral (AVC). Ele morreu na madrugada desta ter\u00e7a (15). O cineasta, cronista e jornalista\u00a0Arnaldo Jabor, de 81 anos, morreu na madrugada desta ter\u00e7a (15) em S\u00e3o Paulo. Ele estava internado desde dezembro do ano passado [&hellip;]<\/p>\n","protected":false},"author":1,"featured_media":59745,"comment_status":"closed","ping_status":"open","sticky":false,"template":"","format":"standard","meta":{"footnotes":""},"categories":[178,110],"tags":[],"class_list":["post-59744","post","type-post","status-publish","format-standard","has-post-thumbnail","hentry","category-notadefalecimento","category-noticiasdestaque"],"_links":{"self":[{"href":"https:\/\/jorgezanoni.com.br\/2019\/wp-json\/wp\/v2\/posts\/59744","targetHints":{"allow":["GET"]}}],"collection":[{"href":"https:\/\/jorgezanoni.com.br\/2019\/wp-json\/wp\/v2\/posts"}],"about":[{"href":"https:\/\/jorgezanoni.com.br\/2019\/wp-json\/wp\/v2\/types\/post"}],"author":[{"embeddable":true,"href":"https:\/\/jorgezanoni.com.br\/2019\/wp-json\/wp\/v2\/users\/1"}],"replies":[{"embeddable":true,"href":"https:\/\/jorgezanoni.com.br\/2019\/wp-json\/wp\/v2\/comments?post=59744"}],"version-history":[{"count":0,"href":"https:\/\/jorgezanoni.com.br\/2019\/wp-json\/wp\/v2\/posts\/59744\/revisions"}],"wp:featuredmedia":[{"embeddable":true,"href":"https:\/\/jorgezanoni.com.br\/2019\/wp-json\/wp\/v2\/media\/59745"}],"wp:attachment":[{"href":"https:\/\/jorgezanoni.com.br\/2019\/wp-json\/wp\/v2\/media?parent=59744"}],"wp:term":[{"taxonomy":"category","embeddable":true,"href":"https:\/\/jorgezanoni.com.br\/2019\/wp-json\/wp\/v2\/categories?post=59744"},{"taxonomy":"post_tag","embeddable":true,"href":"https:\/\/jorgezanoni.com.br\/2019\/wp-json\/wp\/v2\/tags?post=59744"}],"curies":[{"name":"wp","href":"https:\/\/api.w.org\/{rel}","templated":true}]}}