{"id":5973,"date":"2019-09-12T11:54:17","date_gmt":"2019-09-12T11:54:17","guid":{"rendered":"https:\/\/jorgezanoni.com.br\/2019\/?p=5973"},"modified":"2019-09-12T11:54:17","modified_gmt":"2019-09-12T11:54:17","slug":"distrito-de-jacipora-conta-com-diversas-atracoes-nas-comemoracoes-de-81-anos","status":"publish","type":"post","link":"https:\/\/jorgezanoni.com.br\/2019\/distrito-de-jacipora-conta-com-diversas-atracoes-nas-comemoracoes-de-81-anos\/","title":{"rendered":"Distrito de Jacipor\u00e3 conta com diversas atra\u00e7\u00f5es nas comemora\u00e7\u00f5es de 81 anos"},"content":{"rendered":"<p>Nas comemora\u00e7\u00f5es de 81 anos do Distrito de Jacipor\u00e3, ser\u00e3o realizados diversos eventos. Veja como ser\u00e1 a Festa.<img loading=\"lazy\" decoding=\"async\" class=\"alignnone size-full wp-image-5974\" src=\"https:\/\/jorgezanoni.com.br\/2019\/wp-content\/uploads\/2019\/09\/Jacipor\u00e3-2.jpg\" alt=\"\" width=\"714\" height=\"1134\" srcset=\"https:\/\/jorgezanoni.com.br\/2019\/wp-content\/uploads\/2019\/09\/Jacipor\u00e3-2.jpg 714w, https:\/\/jorgezanoni.com.br\/2019\/wp-content\/uploads\/2019\/09\/Jacipor\u00e3-2-189x300.jpg 189w, https:\/\/jorgezanoni.com.br\/2019\/wp-content\/uploads\/2019\/09\/Jacipor\u00e3-2-645x1024.jpg 645w, https:\/\/jorgezanoni.com.br\/2019\/wp-content\/uploads\/2019\/09\/Jacipor\u00e3-2-696x1105.jpg 696w, https:\/\/jorgezanoni.com.br\/2019\/wp-content\/uploads\/2019\/09\/Jacipor\u00e3-2-264x420.jpg 264w\" sizes=\"auto, (max-width: 714px) 100vw, 714px\" \/> <img loading=\"lazy\" decoding=\"async\" class=\"alignnone size-full wp-image-5975\" src=\"https:\/\/jorgezanoni.com.br\/2019\/wp-content\/uploads\/2019\/09\/Jacipor\u00e3-f.jpg\" alt=\"\" width=\"803\" height=\"803\" srcset=\"https:\/\/jorgezanoni.com.br\/2019\/wp-content\/uploads\/2019\/09\/Jacipor\u00e3-f.jpg 803w, https:\/\/jorgezanoni.com.br\/2019\/wp-content\/uploads\/2019\/09\/Jacipor\u00e3-f-150x150.jpg 150w, https:\/\/jorgezanoni.com.br\/2019\/wp-content\/uploads\/2019\/09\/Jacipor\u00e3-f-300x300.jpg 300w, https:\/\/jorgezanoni.com.br\/2019\/wp-content\/uploads\/2019\/09\/Jacipor\u00e3-f-768x768.jpg 768w, https:\/\/jorgezanoni.com.br\/2019\/wp-content\/uploads\/2019\/09\/Jacipor\u00e3-f-696x696.jpg 696w, https:\/\/jorgezanoni.com.br\/2019\/wp-content\/uploads\/2019\/09\/Jacipor\u00e3-f-420x420.jpg 420w\" sizes=\"auto, (max-width: 803px) 100vw, 803px\" \/><img loading=\"lazy\" decoding=\"async\" class=\"alignnone size-full wp-image-5977\" src=\"https:\/\/jorgezanoni.com.br\/2019\/wp-content\/uploads\/2019\/09\/jacipor\u00e32-2.jpg\" alt=\"\" width=\"712\" height=\"1112\" srcset=\"https:\/\/jorgezanoni.com.br\/2019\/wp-content\/uploads\/2019\/09\/jacipor\u00e32-2.jpg 712w, https:\/\/jorgezanoni.com.br\/2019\/wp-content\/uploads\/2019\/09\/jacipor\u00e32-2-192x300.jpg 192w, https:\/\/jorgezanoni.com.br\/2019\/wp-content\/uploads\/2019\/09\/jacipor\u00e32-2-656x1024.jpg 656w, https:\/\/jorgezanoni.com.br\/2019\/wp-content\/uploads\/2019\/09\/jacipor\u00e32-2-696x1087.jpg 696w, https:\/\/jorgezanoni.com.br\/2019\/wp-content\/uploads\/2019\/09\/jacipor\u00e32-2-269x420.jpg 269w\" sizes=\"auto, (max-width: 712px) 100vw, 712px\" \/><\/p>\n<p><img loading=\"lazy\" decoding=\"async\" class=\"alignnone size-full wp-image-5978\" src=\"https:\/\/jorgezanoni.com.br\/2019\/wp-content\/uploads\/2019\/09\/jacipor\u00e31-2-1.jpg\" alt=\"\" width=\"690\" height=\"366\" srcset=\"https:\/\/jorgezanoni.com.br\/2019\/wp-content\/uploads\/2019\/09\/jacipor\u00e31-2-1.jpg 690w, https:\/\/jorgezanoni.com.br\/2019\/wp-content\/uploads\/2019\/09\/jacipor\u00e31-2-1-300x159.jpg 300w\" sizes=\"auto, (max-width: 690px) 100vw, 690px\" \/><\/p>\n<p>Jorge Zanoni<\/p>\n","protected":false},"excerpt":{"rendered":"<p>Nas comemora\u00e7\u00f5es de 81 anos do Distrito de Jacipor\u00e3, ser\u00e3o realizados diversos eventos. Veja como ser\u00e1 a Festa. Jorge Zanoni<\/p>\n","protected":false},"author":1,"featured_media":5979,"comment_status":"closed","ping_status":"open","sticky":false,"template":"","format":"standard","meta":{"footnotes":""},"categories":[179,110],"tags":[],"class_list":["post-5973","post","type-post","status-publish","format-standard","has-post-thumbnail","hentry","category-cidadeseregiao","category-noticiasdestaque"],"_links":{"self":[{"href":"https:\/\/jorgezanoni.com.br\/2019\/wp-json\/wp\/v2\/posts\/5973","targetHints":{"allow":["GET"]}}],"collection":[{"href":"https:\/\/jorgezanoni.com.br\/2019\/wp-json\/wp\/v2\/posts"}],"about":[{"href":"https:\/\/jorgezanoni.com.br\/2019\/wp-json\/wp\/v2\/types\/post"}],"author":[{"embeddable":true,"href":"https:\/\/jorgezanoni.com.br\/2019\/wp-json\/wp\/v2\/users\/1"}],"replies":[{"embeddable":true,"href":"https:\/\/jorgezanoni.com.br\/2019\/wp-json\/wp\/v2\/comments?post=5973"}],"version-history":[{"count":0,"href":"https:\/\/jorgezanoni.com.br\/2019\/wp-json\/wp\/v2\/posts\/5973\/revisions"}],"wp:featuredmedia":[{"embeddable":true,"href":"https:\/\/jorgezanoni.com.br\/2019\/wp-json\/wp\/v2\/media\/5979"}],"wp:attachment":[{"href":"https:\/\/jorgezanoni.com.br\/2019\/wp-json\/wp\/v2\/media?parent=5973"}],"wp:term":[{"taxonomy":"category","embeddable":true,"href":"https:\/\/jorgezanoni.com.br\/2019\/wp-json\/wp\/v2\/categories?post=5973"},{"taxonomy":"post_tag","embeddable":true,"href":"https:\/\/jorgezanoni.com.br\/2019\/wp-json\/wp\/v2\/tags?post=5973"}],"curies":[{"name":"wp","href":"https:\/\/api.w.org\/{rel}","templated":true}]}}