{"id":59720,"date":"2022-02-14T16:24:51","date_gmt":"2022-02-14T16:24:51","guid":{"rendered":"https:\/\/jorgezanoni.com.br\/2019\/?p=59720"},"modified":"2022-02-14T16:24:51","modified_gmt":"2022-02-14T16:24:51","slug":"vereador-adriano-japones-de-itapura-conquista-emenda-parlamentar-de-deputado-estadual","status":"publish","type":"post","link":"https:\/\/jorgezanoni.com.br\/2019\/vereador-adriano-japones-de-itapura-conquista-emenda-parlamentar-de-deputado-estadual\/","title":{"rendered":"Vereador Adriano Japon\u00eas de Itapura conquista emenda parlamentar de Deputado Estadual"},"content":{"rendered":"<p style=\"text-align: justify;\"><strong>ITAPURA &#8211; VEREADOR ADRIANO JAPON\u00caS CONQUISTA MAIS R$ 100 MIL DE EMENDA PARLAMENTAR PARA SA\u00daDE DE ITAPURA JUNTO AO DEPUTADO ESTADUAL TENENTE COIMBRA.<\/strong><\/p>\n<p style=\"text-align: justify;\">O Vereador Adriano Japon\u00eas conquistou mais R$ 100 Mil para \u00e1rea da Sa\u00fade de ITAPURA, conforme publicado em Di\u00e1rio Oficial do Estado na edi\u00e7\u00e3o de 03\/02\/2022.<\/p>\n<p style=\"text-align: justify;\">O Recurso foi conquistado junto ao Deputado Estadual Tenente Coimbra(PSL) em um esfor\u00e7o conjunto entre o Vereador Adriano Japon\u00eas e o Coordenador Regional do Partido PATRIOTA Clayton Alves.<\/p>\n<p style=\"text-align: justify;\">Na tarde de Sexta Feira(11) o Prefeito F\u00e1bio Dourado recebeu o Vereador Adriano Japon\u00eas e o Coordenador Clayton Alves, onde agradeceu por mais esse recurso que ser\u00e1 destinado a obras de reforma da UBS II.<\/p>\n<p style=\"text-align: justify;\">Cabe ressaltar que em 2021 o Vereador Adriano Miura j\u00e1 havia conquista emenda Federal no Valor de R$ 100 Mil para Custeio na \u00c1rea da Sa\u00fade, ao todo o Vereador j\u00e1 conquistou R$ 200 Mil em investimentos para a \u00e1rea da Sa\u00fade.<\/p>\n<p style=\"text-align: justify;\">&#8220;O Trabalho continua, estamos somado esfor\u00e7o para conquistar mais recursos para nosso munic\u00edpio, visando sempre o bem estar de nossa querida Popula\u00e7\u00e3o.&#8221; Declarou o Vereador Adriano Miura.<\/p>\n<p><img loading=\"lazy\" decoding=\"async\" class=\"alignnone size-full wp-image-59721\" src=\"https:\/\/jorgezanoni.com.br\/2019\/wp-content\/uploads\/2022\/02\/ilha.jpg\" alt=\"\" width=\"1600\" height=\"1200\" srcset=\"https:\/\/jorgezanoni.com.br\/2019\/wp-content\/uploads\/2022\/02\/ilha.jpg 1600w, https:\/\/jorgezanoni.com.br\/2019\/wp-content\/uploads\/2022\/02\/ilha-300x225.jpg 300w, https:\/\/jorgezanoni.com.br\/2019\/wp-content\/uploads\/2022\/02\/ilha-1024x768.jpg 1024w, https:\/\/jorgezanoni.com.br\/2019\/wp-content\/uploads\/2022\/02\/ilha-768x576.jpg 768w, https:\/\/jorgezanoni.com.br\/2019\/wp-content\/uploads\/2022\/02\/ilha-1536x1152.jpg 1536w, https:\/\/jorgezanoni.com.br\/2019\/wp-content\/uploads\/2022\/02\/ilha-80x60.jpg 80w, https:\/\/jorgezanoni.com.br\/2019\/wp-content\/uploads\/2022\/02\/ilha-265x198.jpg 265w, https:\/\/jorgezanoni.com.br\/2019\/wp-content\/uploads\/2022\/02\/ilha-696x522.jpg 696w, https:\/\/jorgezanoni.com.br\/2019\/wp-content\/uploads\/2022\/02\/ilha-1068x801.jpg 1068w, https:\/\/jorgezanoni.com.br\/2019\/wp-content\/uploads\/2022\/02\/ilha-560x420.jpg 560w\" sizes=\"auto, (max-width: 1600px) 100vw, 1600px\" \/> <img loading=\"lazy\" decoding=\"async\" class=\"alignnone size-full wp-image-59723\" src=\"https:\/\/jorgezanoni.com.br\/2019\/wp-content\/uploads\/2022\/02\/ilha2.jpg\" alt=\"\" width=\"902\" height=\"1280\" srcset=\"https:\/\/jorgezanoni.com.br\/2019\/wp-content\/uploads\/2022\/02\/ilha2.jpg 902w, https:\/\/jorgezanoni.com.br\/2019\/wp-content\/uploads\/2022\/02\/ilha2-211x300.jpg 211w, https:\/\/jorgezanoni.com.br\/2019\/wp-content\/uploads\/2022\/02\/ilha2-722x1024.jpg 722w, https:\/\/jorgezanoni.com.br\/2019\/wp-content\/uploads\/2022\/02\/ilha2-768x1090.jpg 768w, https:\/\/jorgezanoni.com.br\/2019\/wp-content\/uploads\/2022\/02\/ilha2-696x988.jpg 696w, https:\/\/jorgezanoni.com.br\/2019\/wp-content\/uploads\/2022\/02\/ilha2-296x420.jpg 296w\" sizes=\"auto, (max-width: 902px) 100vw, 902px\" \/> <img loading=\"lazy\" decoding=\"async\" class=\"alignnone size-full wp-image-59724\" src=\"https:\/\/jorgezanoni.com.br\/2019\/wp-content\/uploads\/2022\/02\/ilha3.jpg\" alt=\"\" width=\"878\" height=\"750\" srcset=\"https:\/\/jorgezanoni.com.br\/2019\/wp-content\/uploads\/2022\/02\/ilha3.jpg 878w, https:\/\/jorgezanoni.com.br\/2019\/wp-content\/uploads\/2022\/02\/ilha3-300x256.jpg 300w, https:\/\/jorgezanoni.com.br\/2019\/wp-content\/uploads\/2022\/02\/ilha3-768x656.jpg 768w, https:\/\/jorgezanoni.com.br\/2019\/wp-content\/uploads\/2022\/02\/ilha3-696x595.jpg 696w, https:\/\/jorgezanoni.com.br\/2019\/wp-content\/uploads\/2022\/02\/ilha3-492x420.jpg 492w\" sizes=\"auto, (max-width: 878px) 100vw, 878px\" \/>Fonte: Voz da Verdade\/Ilha Solteira<\/p>\n","protected":false},"excerpt":{"rendered":"<p>ITAPURA &#8211; VEREADOR ADRIANO JAPON\u00caS CONQUISTA MAIS R$ 100 MIL DE EMENDA PARLAMENTAR PARA SA\u00daDE DE ITAPURA JUNTO AO DEPUTADO ESTADUAL TENENTE COIMBRA. O Vereador Adriano Japon\u00eas conquistou mais R$ 100 Mil para \u00e1rea da Sa\u00fade de ITAPURA, conforme publicado em Di\u00e1rio Oficial do Estado na edi\u00e7\u00e3o de 03\/02\/2022. O Recurso foi conquistado junto ao [&hellip;]<\/p>\n","protected":false},"author":1,"featured_media":59722,"comment_status":"closed","ping_status":"open","sticky":false,"template":"","format":"standard","meta":{"footnotes":""},"categories":[116],"tags":[],"class_list":["post-59720","post","type-post","status-publish","format-standard","has-post-thumbnail","hentry","category-politicaeeconomia"],"_links":{"self":[{"href":"https:\/\/jorgezanoni.com.br\/2019\/wp-json\/wp\/v2\/posts\/59720","targetHints":{"allow":["GET"]}}],"collection":[{"href":"https:\/\/jorgezanoni.com.br\/2019\/wp-json\/wp\/v2\/posts"}],"about":[{"href":"https:\/\/jorgezanoni.com.br\/2019\/wp-json\/wp\/v2\/types\/post"}],"author":[{"embeddable":true,"href":"https:\/\/jorgezanoni.com.br\/2019\/wp-json\/wp\/v2\/users\/1"}],"replies":[{"embeddable":true,"href":"https:\/\/jorgezanoni.com.br\/2019\/wp-json\/wp\/v2\/comments?post=59720"}],"version-history":[{"count":0,"href":"https:\/\/jorgezanoni.com.br\/2019\/wp-json\/wp\/v2\/posts\/59720\/revisions"}],"wp:featuredmedia":[{"embeddable":true,"href":"https:\/\/jorgezanoni.com.br\/2019\/wp-json\/wp\/v2\/media\/59722"}],"wp:attachment":[{"href":"https:\/\/jorgezanoni.com.br\/2019\/wp-json\/wp\/v2\/media?parent=59720"}],"wp:term":[{"taxonomy":"category","embeddable":true,"href":"https:\/\/jorgezanoni.com.br\/2019\/wp-json\/wp\/v2\/categories?post=59720"},{"taxonomy":"post_tag","embeddable":true,"href":"https:\/\/jorgezanoni.com.br\/2019\/wp-json\/wp\/v2\/tags?post=59720"}],"curies":[{"name":"wp","href":"https:\/\/api.w.org\/{rel}","templated":true}]}}