{"id":59716,"date":"2022-02-14T16:05:31","date_gmt":"2022-02-14T16:05:31","guid":{"rendered":"https:\/\/jorgezanoni.com.br\/2019\/?p=59716"},"modified":"2022-02-14T16:05:31","modified_gmt":"2022-02-14T16:05:31","slug":"policia-militar-em-rapida-acao-prende-autor-de-furto-de-celular-em-dracena","status":"publish","type":"post","link":"https:\/\/jorgezanoni.com.br\/2019\/policia-militar-em-rapida-acao-prende-autor-de-furto-de-celular-em-dracena\/","title":{"rendered":"Pol\u00edcia Militar em r\u00e1pida a\u00e7\u00e3o, prende autor de furto de Celular em Dracena"},"content":{"rendered":"<p style=\"text-align: justify;\">POL\u00cdCIA MILITAR EM DRACENA RECUPERAM RAPIDAMENTE PRODUTO DE FURTO E PRENDEM AUTOR.<\/p>\n<p style=\"text-align: justify;\">Na data de hoje (14) por volta das 06h15min a Pol\u00edcia Militar em Dracena foi acionada pelo COPOM em que no local (Vila Barros) havia acabado de ocorrer um furto de celular, onde a v\u00edtima teria perseguido o autor do delito (51 anos) at\u00e9 o perder de vista nas proximidades de um mercado. Em contato com a v\u00edtima, ela nos dissera que ao ter se levantado, abrira as portas da casa para que seus cachorros sa\u00edssem para o quintal e, logo em seguida, entrara no banheiro; ato cont\u00ednuo percebera que os c\u00e3es come\u00e7aram a latir, aparentando estarem acuando algu\u00e9m e sa\u00edra para verificar e percebera um indiv\u00edduo dentro da cozinha de sua casa, ela estava em posse de seu celular, o qual estava antes sobre sua mesa, e, aquele indiv\u00edduo, sabedor de que fora flagrado, empreendera fuga do local, sendo imediatamente perseguido pelo solicitante que, muito embora tenha tentado det\u00ea-lo, n\u00e3o conseguira. Diante das informa\u00e7\u00f5es passadas: moreno, grisalho, magro, bermuda e camiseta e tons azuis e chinelos, as equipes policiais iniciaram patrulhamento e abordaram o autor, que foi prontamente reconhecido pela v\u00edtima, recebendo voz de pris\u00e3o em flagrante delito. Em busca pessoal foi localizado, dentro de um cesto de roupas sujas o celular furtado. O autor permaneceu preso.<\/p>\n<p style=\"text-align: justify;\">Fonte: Com. Social Pol\u00edcia Militar<\/p>\n","protected":false},"excerpt":{"rendered":"<p>POL\u00cdCIA MILITAR EM DRACENA RECUPERAM RAPIDAMENTE PRODUTO DE FURTO E PRENDEM AUTOR. Na data de hoje (14) por volta das 06h15min a Pol\u00edcia Militar em Dracena foi acionada pelo COPOM em que no local (Vila Barros) havia acabado de ocorrer um furto de celular, onde a v\u00edtima teria perseguido o autor do delito (51 anos) [&hellip;]<\/p>\n","protected":false},"author":1,"featured_media":59718,"comment_status":"closed","ping_status":"open","sticky":false,"template":"","format":"standard","meta":{"footnotes":""},"categories":[110,2],"tags":[],"class_list":["post-59716","post","type-post","status-publish","format-standard","has-post-thumbnail","hentry","category-noticiasdestaque","category-policial"],"_links":{"self":[{"href":"https:\/\/jorgezanoni.com.br\/2019\/wp-json\/wp\/v2\/posts\/59716","targetHints":{"allow":["GET"]}}],"collection":[{"href":"https:\/\/jorgezanoni.com.br\/2019\/wp-json\/wp\/v2\/posts"}],"about":[{"href":"https:\/\/jorgezanoni.com.br\/2019\/wp-json\/wp\/v2\/types\/post"}],"author":[{"embeddable":true,"href":"https:\/\/jorgezanoni.com.br\/2019\/wp-json\/wp\/v2\/users\/1"}],"replies":[{"embeddable":true,"href":"https:\/\/jorgezanoni.com.br\/2019\/wp-json\/wp\/v2\/comments?post=59716"}],"version-history":[{"count":0,"href":"https:\/\/jorgezanoni.com.br\/2019\/wp-json\/wp\/v2\/posts\/59716\/revisions"}],"wp:featuredmedia":[{"embeddable":true,"href":"https:\/\/jorgezanoni.com.br\/2019\/wp-json\/wp\/v2\/media\/59718"}],"wp:attachment":[{"href":"https:\/\/jorgezanoni.com.br\/2019\/wp-json\/wp\/v2\/media?parent=59716"}],"wp:term":[{"taxonomy":"category","embeddable":true,"href":"https:\/\/jorgezanoni.com.br\/2019\/wp-json\/wp\/v2\/categories?post=59716"},{"taxonomy":"post_tag","embeddable":true,"href":"https:\/\/jorgezanoni.com.br\/2019\/wp-json\/wp\/v2\/tags?post=59716"}],"curies":[{"name":"wp","href":"https:\/\/api.w.org\/{rel}","templated":true}]}}