{"id":59685,"date":"2022-02-14T00:35:42","date_gmt":"2022-02-14T00:35:42","guid":{"rendered":"https:\/\/jorgezanoni.com.br\/2019\/?p=59685"},"modified":"2022-02-14T00:35:42","modified_gmt":"2022-02-14T00:35:42","slug":"acidente-com-veiculo-no-desvio-em-flora-rica","status":"publish","type":"post","link":"https:\/\/jorgezanoni.com.br\/2019\/acidente-com-veiculo-no-desvio-em-flora-rica\/","title":{"rendered":"Acidente com ve\u00edculo no desvio em Flora Rica"},"content":{"rendered":"<p style=\"text-align: justify;\">Um acidente envolvendo um ve\u00edculo foi registrado neste domingo (13) em Flora Rica.<\/p>\n<p style=\"text-align: justify;\">O acidente ocorreu no desvio do Bairro Santa Genoveva que \u00e9 utilizado para passagem de ve\u00edculos ap\u00f3s a pista ter sido levada pelas fortes chuvas que atingiram Flora Rica.<\/p>\n<p style=\"text-align: justify;\"><a class=\"single-image-gallery\" href=\"https:\/\/ifolharegional.com.br\/2022\/02\/13\/acidente-com-veiculo-no-desvio-em-flora-rica\/space01\/\" rel=\"attachment wp-att-50835\" data-carousel-extra=\"{&quot;blog_id&quot;:1}\"><img loading=\"lazy\" decoding=\"async\" class=\"wp-image-50835 aligncenter\" src=\"https:\/\/i0.wp.com\/ifolharegional.com.br\/wp-content\/uploads\/2022\/02\/space01.jpg?resize=647%2C283&amp;ssl=1\" sizes=\"auto, (max-width: 647px) 100vw, 647px\" srcset=\"https:\/\/i0.wp.com\/ifolharegional.com.br\/wp-content\/uploads\/2022\/02\/space01.jpg?w=1366&amp;ssl=1 1366w, https:\/\/i0.wp.com\/ifolharegional.com.br\/wp-content\/uploads\/2022\/02\/space01.jpg?resize=300%2C131&amp;ssl=1 300w, https:\/\/i0.wp.com\/ifolharegional.com.br\/wp-content\/uploads\/2022\/02\/space01.jpg?resize=1024%2C448&amp;ssl=1 1024w, https:\/\/i0.wp.com\/ifolharegional.com.br\/wp-content\/uploads\/2022\/02\/space01.jpg?resize=768%2C336&amp;ssl=1 768w\" alt=\"\" width=\"647\" height=\"283\" data-attachment-id=\"50835\" data-permalink=\"https:\/\/ifolharegional.com.br\/2022\/02\/13\/acidente-com-veiculo-no-desvio-em-flora-rica\/space01\/\" data-orig-file=\"https:\/\/i0.wp.com\/ifolharegional.com.br\/wp-content\/uploads\/2022\/02\/space01.jpg?fit=1366%2C597&amp;ssl=1\" data-orig-size=\"1366,597\" data-comments-opened=\"0\" data-image-meta=\"{&quot;aperture&quot;:&quot;0&quot;,&quot;credit&quot;:&quot;&quot;,&quot;camera&quot;:&quot;&quot;,&quot;caption&quot;:&quot;&quot;,&quot;created_timestamp&quot;:&quot;0&quot;,&quot;copyright&quot;:&quot;&quot;,&quot;focal_length&quot;:&quot;0&quot;,&quot;iso&quot;:&quot;0&quot;,&quot;shutter_speed&quot;:&quot;0&quot;,&quot;title&quot;:&quot;&quot;,&quot;orientation&quot;:&quot;1&quot;}\" data-image-title=\"space01\" data-image-description=\"\" data-image-caption=\"\" data-medium-file=\"https:\/\/i0.wp.com\/ifolharegional.com.br\/wp-content\/uploads\/2022\/02\/space01.jpg?fit=300%2C131&amp;ssl=1\" data-large-file=\"https:\/\/i0.wp.com\/ifolharegional.com.br\/wp-content\/uploads\/2022\/02\/space01.jpg?fit=740%2C324&amp;ssl=1\" \/><\/a>Por motivos ainda desconhecidos, o ve\u00edculo Space Fox com placas de Irapuru tombou na estrada.<\/p>\n<p style=\"text-align: justify;\">N\u00e3o h\u00e1 informa\u00e7\u00f5es de pessoas feridas e a reportagem busca maiores informa\u00e7\u00f5es junto \u00e0 Pol\u00edcia Militar.<\/p>\n<p style=\"text-align: justify;\">Fonte: Folha Regional &#8211; Fotos: Enviadas por Inaldo Nascimento<\/p>\n","protected":false},"excerpt":{"rendered":"<p>Um acidente envolvendo um ve\u00edculo foi registrado neste domingo (13) em Flora Rica. O acidente ocorreu no desvio do Bairro Santa Genoveva que \u00e9 utilizado para passagem de ve\u00edculos ap\u00f3s a pista ter sido levada pelas fortes chuvas que atingiram Flora Rica. Por motivos ainda desconhecidos, o ve\u00edculo Space Fox com placas de Irapuru tombou [&hellip;]<\/p>\n","protected":false},"author":1,"featured_media":59686,"comment_status":"closed","ping_status":"open","sticky":false,"template":"","format":"standard","meta":{"footnotes":""},"categories":[170,110],"tags":[],"class_list":["post-59685","post","type-post","status-publish","format-standard","has-post-thumbnail","hentry","category-acidentes","category-noticiasdestaque"],"_links":{"self":[{"href":"https:\/\/jorgezanoni.com.br\/2019\/wp-json\/wp\/v2\/posts\/59685","targetHints":{"allow":["GET"]}}],"collection":[{"href":"https:\/\/jorgezanoni.com.br\/2019\/wp-json\/wp\/v2\/posts"}],"about":[{"href":"https:\/\/jorgezanoni.com.br\/2019\/wp-json\/wp\/v2\/types\/post"}],"author":[{"embeddable":true,"href":"https:\/\/jorgezanoni.com.br\/2019\/wp-json\/wp\/v2\/users\/1"}],"replies":[{"embeddable":true,"href":"https:\/\/jorgezanoni.com.br\/2019\/wp-json\/wp\/v2\/comments?post=59685"}],"version-history":[{"count":0,"href":"https:\/\/jorgezanoni.com.br\/2019\/wp-json\/wp\/v2\/posts\/59685\/revisions"}],"wp:featuredmedia":[{"embeddable":true,"href":"https:\/\/jorgezanoni.com.br\/2019\/wp-json\/wp\/v2\/media\/59686"}],"wp:attachment":[{"href":"https:\/\/jorgezanoni.com.br\/2019\/wp-json\/wp\/v2\/media?parent=59685"}],"wp:term":[{"taxonomy":"category","embeddable":true,"href":"https:\/\/jorgezanoni.com.br\/2019\/wp-json\/wp\/v2\/categories?post=59685"},{"taxonomy":"post_tag","embeddable":true,"href":"https:\/\/jorgezanoni.com.br\/2019\/wp-json\/wp\/v2\/tags?post=59685"}],"curies":[{"name":"wp","href":"https:\/\/api.w.org\/{rel}","templated":true}]}}