{"id":59677,"date":"2022-02-14T00:06:31","date_gmt":"2022-02-14T00:06:31","guid":{"rendered":"https:\/\/jorgezanoni.com.br\/2019\/?p=59677"},"modified":"2022-02-14T00:06:31","modified_gmt":"2022-02-14T00:06:31","slug":"operacao-direcao-segura-integrada-policia-civil-participa-de-operacao-integrada-e-fiscalizacao-de-transito-em-dracena","status":"publish","type":"post","link":"https:\/\/jorgezanoni.com.br\/2019\/operacao-direcao-segura-integrada-policia-civil-participa-de-operacao-integrada-e-fiscalizacao-de-transito-em-dracena\/","title":{"rendered":"OPERA\u00c7\u00c3O DIRE\u00c7\u00c3O SEGURA INTEGRADA: Pol\u00edcia Civil participa de opera\u00e7\u00e3o integrada e fiscaliza\u00e7\u00e3o de tr\u00e2nsito em Dracena"},"content":{"rendered":"<p style=\"text-align: justify;\">OPERA\u00c7\u00c3O DIRE\u00c7\u00c3O SEGURA INTEGRADA: POL\u00cdCIA CIVIL PARTICIPA DE OPERA\u00c7\u00c3O INTEGRADA DE FISCALIZA\u00c7\u00c3O DE TR\u00c2NSITO EM DRACENA<\/p>\n<p style=\"text-align: justify;\">A Pol\u00edcia Civil, por interm\u00e9dio da Delegacia Seccional de Pol\u00edcia de Dracena, participou durante a noite de s\u00e1bado (12) e a madrugada de domingo (13), da a\u00e7\u00e3o de fiscaliza\u00e7\u00e3o de tr\u00e2nsito denominada \u201cOpera\u00e7\u00e3o Dire\u00e7\u00e3o Segura\u201d.<\/p>\n<p style=\"text-align: justify;\">A a\u00e7\u00e3o que foi coordenada pelo Departamento Estatual de Tr\u00e2nsito de S\u00e3o Paulo &#8211; Detran-SP, visou a preven\u00e7\u00e3o e a redu\u00e7\u00e3o de acidentes de tr\u00e2nsito, principalmente aqueles causados por motoristas que dirigem embriagados.<\/p>\n<p style=\"text-align: justify;\">No \u00e2mbito da pol\u00edcia judici\u00e1ria foram elaborados dois autos de pris\u00e3o em flagrante pelo delito de embriaguez ao volante (Art.306, do CTB). Dois condutores, com idade de 24 e 67 anos, que apresentaram sinais de suspeita de embriaguez, realizaram o teste no aparelho etil\u00f4metro com aferi\u00e7\u00e3o superior ao de 0,33 de \u00e1lcool por litro de ar expedido nos pulm\u00f5es, o que passa a ser considerado crime.<\/p>\n<p style=\"text-align: justify;\">Ap\u00f3s os tr\u00e2mites dos procedimentos flagr\u00e2nciais, no Plant\u00e3o Policial Permanente, o condutor, de 67 anos, pagou fian\u00e7a arbitrada no valor de um sal\u00e1rio m\u00ednimo e foi posto em liberdade. J\u00e1 o outro condutor, de 24 anos, n\u00e3o recolheu o valor arbitrado, permanecendo ent\u00e3o preso, a disposi\u00e7\u00e3o da Justi\u00e7a.<\/p>\n<p style=\"text-align: justify;\">A opera\u00e7\u00e3o contou tamb\u00e9m com a participa\u00e7\u00e3o da Pol\u00edcia Militar, Pol\u00edcia T\u00e9cnico- Cient\u00edfica e foi coordenada por equipes do Detran-SP.<\/p>\n<p><img loading=\"lazy\" decoding=\"async\" class=\"alignnone size-full wp-image-59678\" src=\"https:\/\/jorgezanoni.com.br\/2019\/wp-content\/uploads\/2022\/02\/sec.jpg\" alt=\"\" width=\"1600\" height=\"1200\" srcset=\"https:\/\/jorgezanoni.com.br\/2019\/wp-content\/uploads\/2022\/02\/sec.jpg 1600w, https:\/\/jorgezanoni.com.br\/2019\/wp-content\/uploads\/2022\/02\/sec-300x225.jpg 300w, https:\/\/jorgezanoni.com.br\/2019\/wp-content\/uploads\/2022\/02\/sec-1024x768.jpg 1024w, https:\/\/jorgezanoni.com.br\/2019\/wp-content\/uploads\/2022\/02\/sec-768x576.jpg 768w, https:\/\/jorgezanoni.com.br\/2019\/wp-content\/uploads\/2022\/02\/sec-1536x1152.jpg 1536w, https:\/\/jorgezanoni.com.br\/2019\/wp-content\/uploads\/2022\/02\/sec-80x60.jpg 80w, https:\/\/jorgezanoni.com.br\/2019\/wp-content\/uploads\/2022\/02\/sec-265x198.jpg 265w, https:\/\/jorgezanoni.com.br\/2019\/wp-content\/uploads\/2022\/02\/sec-696x522.jpg 696w, https:\/\/jorgezanoni.com.br\/2019\/wp-content\/uploads\/2022\/02\/sec-1068x801.jpg 1068w, https:\/\/jorgezanoni.com.br\/2019\/wp-content\/uploads\/2022\/02\/sec-560x420.jpg 560w\" sizes=\"auto, (max-width: 1600px) 100vw, 1600px\" \/> <img loading=\"lazy\" decoding=\"async\" class=\"alignnone size-full wp-image-59680\" src=\"https:\/\/jorgezanoni.com.br\/2019\/wp-content\/uploads\/2022\/02\/sec2.jpg\" alt=\"\" width=\"1600\" height=\"1200\" srcset=\"https:\/\/jorgezanoni.com.br\/2019\/wp-content\/uploads\/2022\/02\/sec2.jpg 1600w, https:\/\/jorgezanoni.com.br\/2019\/wp-content\/uploads\/2022\/02\/sec2-300x225.jpg 300w, https:\/\/jorgezanoni.com.br\/2019\/wp-content\/uploads\/2022\/02\/sec2-1024x768.jpg 1024w, https:\/\/jorgezanoni.com.br\/2019\/wp-content\/uploads\/2022\/02\/sec2-768x576.jpg 768w, https:\/\/jorgezanoni.com.br\/2019\/wp-content\/uploads\/2022\/02\/sec2-1536x1152.jpg 1536w, https:\/\/jorgezanoni.com.br\/2019\/wp-content\/uploads\/2022\/02\/sec2-80x60.jpg 80w, https:\/\/jorgezanoni.com.br\/2019\/wp-content\/uploads\/2022\/02\/sec2-265x198.jpg 265w, https:\/\/jorgezanoni.com.br\/2019\/wp-content\/uploads\/2022\/02\/sec2-696x522.jpg 696w, https:\/\/jorgezanoni.com.br\/2019\/wp-content\/uploads\/2022\/02\/sec2-1068x801.jpg 1068w, https:\/\/jorgezanoni.com.br\/2019\/wp-content\/uploads\/2022\/02\/sec2-560x420.jpg 560w\" sizes=\"auto, (max-width: 1600px) 100vw, 1600px\" \/>Fonte: Com. Social Pol\u00edcia Civil<\/p>\n","protected":false},"excerpt":{"rendered":"<p>OPERA\u00c7\u00c3O DIRE\u00c7\u00c3O SEGURA INTEGRADA: POL\u00cdCIA CIVIL PARTICIPA DE OPERA\u00c7\u00c3O INTEGRADA DE FISCALIZA\u00c7\u00c3O DE TR\u00c2NSITO EM DRACENA A Pol\u00edcia Civil, por interm\u00e9dio da Delegacia Seccional de Pol\u00edcia de Dracena, participou durante a noite de s\u00e1bado (12) e a madrugada de domingo (13), da a\u00e7\u00e3o de fiscaliza\u00e7\u00e3o de tr\u00e2nsito denominada \u201cOpera\u00e7\u00e3o Dire\u00e7\u00e3o Segura\u201d. A a\u00e7\u00e3o que foi [&hellip;]<\/p>\n","protected":false},"author":1,"featured_media":59679,"comment_status":"closed","ping_status":"open","sticky":false,"template":"","format":"standard","meta":{"footnotes":""},"categories":[180,110,2],"tags":[],"class_list":["post-59677","post","type-post","status-publish","format-standard","has-post-thumbnail","hentry","category-estradastransitoveiculos","category-noticiasdestaque","category-policial"],"_links":{"self":[{"href":"https:\/\/jorgezanoni.com.br\/2019\/wp-json\/wp\/v2\/posts\/59677","targetHints":{"allow":["GET"]}}],"collection":[{"href":"https:\/\/jorgezanoni.com.br\/2019\/wp-json\/wp\/v2\/posts"}],"about":[{"href":"https:\/\/jorgezanoni.com.br\/2019\/wp-json\/wp\/v2\/types\/post"}],"author":[{"embeddable":true,"href":"https:\/\/jorgezanoni.com.br\/2019\/wp-json\/wp\/v2\/users\/1"}],"replies":[{"embeddable":true,"href":"https:\/\/jorgezanoni.com.br\/2019\/wp-json\/wp\/v2\/comments?post=59677"}],"version-history":[{"count":0,"href":"https:\/\/jorgezanoni.com.br\/2019\/wp-json\/wp\/v2\/posts\/59677\/revisions"}],"wp:featuredmedia":[{"embeddable":true,"href":"https:\/\/jorgezanoni.com.br\/2019\/wp-json\/wp\/v2\/media\/59679"}],"wp:attachment":[{"href":"https:\/\/jorgezanoni.com.br\/2019\/wp-json\/wp\/v2\/media?parent=59677"}],"wp:term":[{"taxonomy":"category","embeddable":true,"href":"https:\/\/jorgezanoni.com.br\/2019\/wp-json\/wp\/v2\/categories?post=59677"},{"taxonomy":"post_tag","embeddable":true,"href":"https:\/\/jorgezanoni.com.br\/2019\/wp-json\/wp\/v2\/tags?post=59677"}],"curies":[{"name":"wp","href":"https:\/\/api.w.org\/{rel}","templated":true}]}}