{"id":59655,"date":"2022-02-12T18:43:03","date_gmt":"2022-02-12T18:43:03","guid":{"rendered":"https:\/\/jorgezanoni.com.br\/2019\/?p=59655"},"modified":"2022-02-12T18:43:03","modified_gmt":"2022-02-12T18:43:03","slug":"praca-que-foi-revitalizada-recentemente-esta-em-total-abandono","status":"publish","type":"post","link":"https:\/\/jorgezanoni.com.br\/2019\/praca-que-foi-revitalizada-recentemente-esta-em-total-abandono\/","title":{"rendered":"Pra\u00e7a que foi revitalizada recentemente est\u00e1 em total abandono"},"content":{"rendered":"<p style=\"text-align: justify;\"><strong>A Pra\u00e7a Marrey Junior (Pra\u00e7a do Cruzeiro) que h\u00e1 pouco tempo foi totalmente revitalizada, est\u00e1 totalmente abandonada.<\/strong><\/p>\n<p style=\"text-align: justify;\">Vandalismo, lixo, mato e at\u00e9 tanquinho jogado no local existem, num total desrespeito principalmente aos dracenenses e Igreja Matriz que foram os colaboradores e arcaram com as despesas da reforma.<\/p>\n<p style=\"text-align: justify;\">Mais que arrumar e embelezar, precisa cuidar. T\u00e1 ai dado o recado ao setor competente a pedido de mun\u00edcipes.<\/p>\n<p><img loading=\"lazy\" decoding=\"async\" class=\"alignnone size-full wp-image-59656\" src=\"https:\/\/jorgezanoni.com.br\/2019\/wp-content\/uploads\/2022\/02\/cru-2.jpg\" alt=\"\" width=\"1131\" height=\"841\" srcset=\"https:\/\/jorgezanoni.com.br\/2019\/wp-content\/uploads\/2022\/02\/cru-2.jpg 1131w, https:\/\/jorgezanoni.com.br\/2019\/wp-content\/uploads\/2022\/02\/cru-2-300x223.jpg 300w, https:\/\/jorgezanoni.com.br\/2019\/wp-content\/uploads\/2022\/02\/cru-2-1024x761.jpg 1024w, https:\/\/jorgezanoni.com.br\/2019\/wp-content\/uploads\/2022\/02\/cru-2-768x571.jpg 768w, https:\/\/jorgezanoni.com.br\/2019\/wp-content\/uploads\/2022\/02\/cru-2-80x60.jpg 80w, https:\/\/jorgezanoni.com.br\/2019\/wp-content\/uploads\/2022\/02\/cru-2-265x198.jpg 265w, https:\/\/jorgezanoni.com.br\/2019\/wp-content\/uploads\/2022\/02\/cru-2-696x518.jpg 696w, https:\/\/jorgezanoni.com.br\/2019\/wp-content\/uploads\/2022\/02\/cru-2-1068x794.jpg 1068w, https:\/\/jorgezanoni.com.br\/2019\/wp-content\/uploads\/2022\/02\/cru-2-565x420.jpg 565w\" sizes=\"auto, (max-width: 1131px) 100vw, 1131px\" \/> <img loading=\"lazy\" decoding=\"async\" class=\"alignnone size-full wp-image-59658\" src=\"https:\/\/jorgezanoni.com.br\/2019\/wp-content\/uploads\/2022\/02\/cru-3.jpg\" alt=\"\" width=\"1592\" height=\"1098\" srcset=\"https:\/\/jorgezanoni.com.br\/2019\/wp-content\/uploads\/2022\/02\/cru-3.jpg 1592w, https:\/\/jorgezanoni.com.br\/2019\/wp-content\/uploads\/2022\/02\/cru-3-300x207.jpg 300w, https:\/\/jorgezanoni.com.br\/2019\/wp-content\/uploads\/2022\/02\/cru-3-1024x706.jpg 1024w, https:\/\/jorgezanoni.com.br\/2019\/wp-content\/uploads\/2022\/02\/cru-3-768x530.jpg 768w, https:\/\/jorgezanoni.com.br\/2019\/wp-content\/uploads\/2022\/02\/cru-3-1536x1059.jpg 1536w, https:\/\/jorgezanoni.com.br\/2019\/wp-content\/uploads\/2022\/02\/cru-3-100x70.jpg 100w, https:\/\/jorgezanoni.com.br\/2019\/wp-content\/uploads\/2022\/02\/cru-3-218x150.jpg 218w, https:\/\/jorgezanoni.com.br\/2019\/wp-content\/uploads\/2022\/02\/cru-3-696x480.jpg 696w, https:\/\/jorgezanoni.com.br\/2019\/wp-content\/uploads\/2022\/02\/cru-3-1068x737.jpg 1068w, https:\/\/jorgezanoni.com.br\/2019\/wp-content\/uploads\/2022\/02\/cru-3-609x420.jpg 609w\" sizes=\"auto, (max-width: 1592px) 100vw, 1592px\" \/><\/p>\n<p style=\"text-align: justify;\">Jorge Zanoni<\/p>\n<p style=\"text-align: justify;\">Fotos de Andr\u00e9 Cardoso<\/p>\n<p>&nbsp;<\/p>\n<p>&nbsp;<\/p>\n","protected":false},"excerpt":{"rendered":"<p>A Pra\u00e7a Marrey Junior (Pra\u00e7a do Cruzeiro) que h\u00e1 pouco tempo foi totalmente revitalizada, est\u00e1 totalmente abandonada. Vandalismo, lixo, mato e at\u00e9 tanquinho jogado no local existem, num total desrespeito principalmente aos dracenenses e Igreja Matriz que foram os colaboradores e arcaram com as despesas da reforma. Mais que arrumar e embelezar, precisa cuidar. T\u00e1 [&hellip;]<\/p>\n","protected":false},"author":1,"featured_media":59657,"comment_status":"closed","ping_status":"open","sticky":false,"template":"","format":"standard","meta":{"footnotes":""},"categories":[179,184,110],"tags":[],"class_list":["post-59655","post","type-post","status-publish","format-standard","has-post-thumbnail","hentry","category-cidadeseregiao","category-dracena","category-noticiasdestaque"],"_links":{"self":[{"href":"https:\/\/jorgezanoni.com.br\/2019\/wp-json\/wp\/v2\/posts\/59655","targetHints":{"allow":["GET"]}}],"collection":[{"href":"https:\/\/jorgezanoni.com.br\/2019\/wp-json\/wp\/v2\/posts"}],"about":[{"href":"https:\/\/jorgezanoni.com.br\/2019\/wp-json\/wp\/v2\/types\/post"}],"author":[{"embeddable":true,"href":"https:\/\/jorgezanoni.com.br\/2019\/wp-json\/wp\/v2\/users\/1"}],"replies":[{"embeddable":true,"href":"https:\/\/jorgezanoni.com.br\/2019\/wp-json\/wp\/v2\/comments?post=59655"}],"version-history":[{"count":0,"href":"https:\/\/jorgezanoni.com.br\/2019\/wp-json\/wp\/v2\/posts\/59655\/revisions"}],"wp:featuredmedia":[{"embeddable":true,"href":"https:\/\/jorgezanoni.com.br\/2019\/wp-json\/wp\/v2\/media\/59657"}],"wp:attachment":[{"href":"https:\/\/jorgezanoni.com.br\/2019\/wp-json\/wp\/v2\/media?parent=59655"}],"wp:term":[{"taxonomy":"category","embeddable":true,"href":"https:\/\/jorgezanoni.com.br\/2019\/wp-json\/wp\/v2\/categories?post=59655"},{"taxonomy":"post_tag","embeddable":true,"href":"https:\/\/jorgezanoni.com.br\/2019\/wp-json\/wp\/v2\/tags?post=59655"}],"curies":[{"name":"wp","href":"https:\/\/api.w.org\/{rel}","templated":true}]}}