{"id":59652,"date":"2022-02-12T17:48:52","date_gmt":"2022-02-12T17:48:52","guid":{"rendered":"https:\/\/jorgezanoni.com.br\/2019\/?p=59652"},"modified":"2022-02-12T17:48:52","modified_gmt":"2022-02-12T17:48:52","slug":"captura-de-procurados-policia-civil-prende-sete-pessoas-procuradas-pela-justica","status":"publish","type":"post","link":"https:\/\/jorgezanoni.com.br\/2019\/captura-de-procurados-policia-civil-prende-sete-pessoas-procuradas-pela-justica\/","title":{"rendered":"CAPTURA DE PROCURADOS: Pol\u00edcia Civil prende sete pessoas procuradas pela Justi\u00e7a"},"content":{"rendered":"<p style=\"text-align: justify;\"><strong>CAPTURA DE PROCURADO: POL\u00cdCIA CIVIL PRENDE SETE PESSOAS PROCURADAS PELA JUSTI\u00c7A NA REGI\u00c3O DE DRACENA.<\/strong><\/p>\n<p style=\"text-align: justify;\">A Pol\u00edcia Civil, por interm\u00e9dio das unidades policiais que integram a \u00e1rea da Delegacia Seccional de Pol\u00edcia de Dracena, prendeu sete pessoas procuradas pela Justi\u00e7a que estavam com mandados de pris\u00f5es decretados. A a\u00e7\u00e3o \u00e9 resultado do trabalho di\u00e1rio de pol\u00edcia judici\u00e1ria e, ocorreu entre segunda-feira (7) e quinta-feira (10).<\/p>\n<p style=\"text-align: justify;\">Sete pessoas foram capturadas, seis homens e uma mulher, que n\u00e3o tiveram as idades divulgadas e que estavam com os pedidos de pris\u00e3o em aberto em seu desfavor. Sendo que quatro pris\u00f5es ocorreram na cidade de Dracena, uma em Ouro Verde, uma em Panorama e uma em Pauliceia.<\/p>\n<p style=\"text-align: justify;\">As ordens judiciais de pris\u00e3o se referiam as condena\u00e7\u00f5es por senten\u00e7as criminais, expedidas pelas Varas Criminais das Comarcas de Dracena e de Presidente Prudente. Todos os capturados foram apresentados nas unidades policiais correspondentes de cada munic\u00edpio, permanecendo \u00e0 disposi\u00e7\u00e3o da Justi\u00e7a, ap\u00f3s a elabora\u00e7\u00e3o dos respetivos boletins de ocorr\u00eancias.<\/p>\n<p style=\"text-align: justify;\">Den\u00fancia<br \/>\nA popula\u00e7\u00e3o pode contribuir com informa\u00e7\u00f5es sobre pessoas foragidas ou procuradas da Justi\u00e7a. As den\u00fancias podem ser feitas para o n\u00famero 181, o Disque Den\u00fancia, ou para o (18)38213753, que \u00e9 o n\u00famero de WhatsApp, pelo qual podem ser feitas den\u00fancias via mensagem, \u00e1udio, v\u00eddeo e fotografia. O sigilo e o anonimato s\u00e3o garantidos.<\/p>\n<p style=\"text-align: justify;\">Fonte: Com. Social Pol\u00edcia Civil<\/p>\n","protected":false},"excerpt":{"rendered":"<p>CAPTURA DE PROCURADO: POL\u00cdCIA CIVIL PRENDE SETE PESSOAS PROCURADAS PELA JUSTI\u00c7A NA REGI\u00c3O DE DRACENA. A Pol\u00edcia Civil, por interm\u00e9dio das unidades policiais que integram a \u00e1rea da Delegacia Seccional de Pol\u00edcia de Dracena, prendeu sete pessoas procuradas pela Justi\u00e7a que estavam com mandados de pris\u00f5es decretados. A a\u00e7\u00e3o \u00e9 resultado do trabalho di\u00e1rio de [&hellip;]<\/p>\n","protected":false},"author":1,"featured_media":59653,"comment_status":"closed","ping_status":"open","sticky":false,"template":"","format":"standard","meta":{"footnotes":""},"categories":[110,2],"tags":[],"class_list":["post-59652","post","type-post","status-publish","format-standard","has-post-thumbnail","hentry","category-noticiasdestaque","category-policial"],"_links":{"self":[{"href":"https:\/\/jorgezanoni.com.br\/2019\/wp-json\/wp\/v2\/posts\/59652","targetHints":{"allow":["GET"]}}],"collection":[{"href":"https:\/\/jorgezanoni.com.br\/2019\/wp-json\/wp\/v2\/posts"}],"about":[{"href":"https:\/\/jorgezanoni.com.br\/2019\/wp-json\/wp\/v2\/types\/post"}],"author":[{"embeddable":true,"href":"https:\/\/jorgezanoni.com.br\/2019\/wp-json\/wp\/v2\/users\/1"}],"replies":[{"embeddable":true,"href":"https:\/\/jorgezanoni.com.br\/2019\/wp-json\/wp\/v2\/comments?post=59652"}],"version-history":[{"count":0,"href":"https:\/\/jorgezanoni.com.br\/2019\/wp-json\/wp\/v2\/posts\/59652\/revisions"}],"wp:featuredmedia":[{"embeddable":true,"href":"https:\/\/jorgezanoni.com.br\/2019\/wp-json\/wp\/v2\/media\/59653"}],"wp:attachment":[{"href":"https:\/\/jorgezanoni.com.br\/2019\/wp-json\/wp\/v2\/media?parent=59652"}],"wp:term":[{"taxonomy":"category","embeddable":true,"href":"https:\/\/jorgezanoni.com.br\/2019\/wp-json\/wp\/v2\/categories?post=59652"},{"taxonomy":"post_tag","embeddable":true,"href":"https:\/\/jorgezanoni.com.br\/2019\/wp-json\/wp\/v2\/tags?post=59652"}],"curies":[{"name":"wp","href":"https:\/\/api.w.org\/{rel}","templated":true}]}}