{"id":59628,"date":"2022-02-10T21:42:37","date_gmt":"2022-02-10T21:42:37","guid":{"rendered":"https:\/\/jorgezanoni.com.br\/2019\/?p=59628"},"modified":"2022-02-10T21:42:37","modified_gmt":"2022-02-10T21:42:37","slug":"policia-civil-de-brasilandia-prende-foragido-da-justica","status":"publish","type":"post","link":"https:\/\/jorgezanoni.com.br\/2019\/policia-civil-de-brasilandia-prende-foragido-da-justica\/","title":{"rendered":"Pol\u00edcia Civil de Brasil\u00e2ndia prende foragido da Justi\u00e7a"},"content":{"rendered":"<p style=\"text-align: justify;\">Policiais Civis de Brasil\u00e2ndia prenderam na tarde de hoje A. F. V., 43 anos, condenado a uma pena de seis anos e quatro meses de pris\u00e3o em regime fechado pela pratica de um assalto a m\u00e3o armada praticado na cidade de Itumbiara-GO no ano de 2020.<\/p>\n<p style=\"text-align: justify;\">O suspeito foi localizado nesta tarde por Policiais Civis durante dilig\u00eancias para coibir crimes patrimoniais. A equipe policial desconfiou do forasteiro e o conduziu at\u00e9 a Delegacia para uma averigua\u00e7\u00e3o, apurando, com auxilia do Centro de Intelig\u00eancia Policial da Delegacia Seccional de Pol\u00edcia de Dracena-SP, que o suspeito tinha contra si um mandado de pris\u00e3o expedido pela Vara de Execu\u00e7\u00e3o Criminal de Presidente Prudente-SP, para onde foi transferida a execu\u00e7\u00e3o da pena a qual ele deveria responder pelo crime praticado em Goi\u00e1s.<\/p>\n<p style=\"text-align: justify;\">O criminoso foi recolhido na carceragem da Delegacia de Pol\u00edcia de Brasil\u00e2ndia e ser\u00e1 recambiado para cumprimento de pena no estado de S\u00e3o Paulo, onde tramita o processo de execu\u00e7\u00e3o criminal.<\/p>\n<p style=\"text-align: justify;\">Den\u00fancias an\u00f4nimas podem ser feitas via WhatsApp 67 999195990. O anonimato \u00e9 garantido.<\/p>\n<p style=\"text-align: justify;\">Thiago Jos\u00e9 Passos da Silva<br \/>\nDelegado de Pol\u00edcia<\/p>\n","protected":false},"excerpt":{"rendered":"<p>Policiais Civis de Brasil\u00e2ndia prenderam na tarde de hoje A. F. V., 43 anos, condenado a uma pena de seis anos e quatro meses de pris\u00e3o em regime fechado pela pratica de um assalto a m\u00e3o armada praticado na cidade de Itumbiara-GO no ano de 2020. O suspeito foi localizado nesta tarde por Policiais Civis [&hellip;]<\/p>\n","protected":false},"author":1,"featured_media":59629,"comment_status":"closed","ping_status":"open","sticky":false,"template":"","format":"standard","meta":{"footnotes":""},"categories":[110,2],"tags":[],"class_list":["post-59628","post","type-post","status-publish","format-standard","has-post-thumbnail","hentry","category-noticiasdestaque","category-policial"],"_links":{"self":[{"href":"https:\/\/jorgezanoni.com.br\/2019\/wp-json\/wp\/v2\/posts\/59628","targetHints":{"allow":["GET"]}}],"collection":[{"href":"https:\/\/jorgezanoni.com.br\/2019\/wp-json\/wp\/v2\/posts"}],"about":[{"href":"https:\/\/jorgezanoni.com.br\/2019\/wp-json\/wp\/v2\/types\/post"}],"author":[{"embeddable":true,"href":"https:\/\/jorgezanoni.com.br\/2019\/wp-json\/wp\/v2\/users\/1"}],"replies":[{"embeddable":true,"href":"https:\/\/jorgezanoni.com.br\/2019\/wp-json\/wp\/v2\/comments?post=59628"}],"version-history":[{"count":0,"href":"https:\/\/jorgezanoni.com.br\/2019\/wp-json\/wp\/v2\/posts\/59628\/revisions"}],"wp:featuredmedia":[{"embeddable":true,"href":"https:\/\/jorgezanoni.com.br\/2019\/wp-json\/wp\/v2\/media\/59629"}],"wp:attachment":[{"href":"https:\/\/jorgezanoni.com.br\/2019\/wp-json\/wp\/v2\/media?parent=59628"}],"wp:term":[{"taxonomy":"category","embeddable":true,"href":"https:\/\/jorgezanoni.com.br\/2019\/wp-json\/wp\/v2\/categories?post=59628"},{"taxonomy":"post_tag","embeddable":true,"href":"https:\/\/jorgezanoni.com.br\/2019\/wp-json\/wp\/v2\/tags?post=59628"}],"curies":[{"name":"wp","href":"https:\/\/api.w.org\/{rel}","templated":true}]}}