{"id":59609,"date":"2022-02-10T14:36:59","date_gmt":"2022-02-10T14:36:59","guid":{"rendered":"https:\/\/jorgezanoni.com.br\/2019\/?p=59609"},"modified":"2022-02-10T14:36:59","modified_gmt":"2022-02-10T14:36:59","slug":"caminhao-carregado-de-amendoim-tomba-na-sp-294","status":"publish","type":"post","link":"https:\/\/jorgezanoni.com.br\/2019\/caminhao-carregado-de-amendoim-tomba-na-sp-294\/","title":{"rendered":"Caminh\u00e3o carregado de Amendoim tomba na SP-294"},"content":{"rendered":"<p style=\"text-align: justify;\">No final da tarde desta quarta-feira o condutor de uma carreta carregada com amendoim trafegava pela Rodovia Comandante Jo\u00e3o Ribeiro de Barros, no sentido de Iacri para Tup\u00e3, quando ao contornar o trevo de acesso ao Distrito de Universo perdeu o controle da dire\u00e7\u00e3o e o ve\u00edculo acabou tombando.<\/p>\n<p style=\"text-align: justify;\">Parte da carga ficou espalhada em um pasto a margem da rodovia. O motorista n\u00e3o sofreu ferimentos, mas passou por atendimento preventivo realizado pela equipe de socorro da concession\u00e1ria Eixo.<\/p>\n<p style=\"text-align: justify;\">A Pol\u00edcia Militar Rodovi\u00e1ria esteve no local para registro da ocorr\u00eancia e agentes da Eixo auxiliaram na sinaliza\u00e7\u00e3o.<\/p>\n<p style=\"text-align: justify;\"><img loading=\"lazy\" decoding=\"async\" class=\"alignnone size-full wp-image-59610\" src=\"https:\/\/jorgezanoni.com.br\/2019\/wp-content\/uploads\/2022\/02\/trevo.jpg\" alt=\"\" width=\"1280\" height=\"720\" srcset=\"https:\/\/jorgezanoni.com.br\/2019\/wp-content\/uploads\/2022\/02\/trevo.jpg 1280w, https:\/\/jorgezanoni.com.br\/2019\/wp-content\/uploads\/2022\/02\/trevo-300x169.jpg 300w, https:\/\/jorgezanoni.com.br\/2019\/wp-content\/uploads\/2022\/02\/trevo-1024x576.jpg 1024w, https:\/\/jorgezanoni.com.br\/2019\/wp-content\/uploads\/2022\/02\/trevo-768x432.jpg 768w, https:\/\/jorgezanoni.com.br\/2019\/wp-content\/uploads\/2022\/02\/trevo-696x392.jpg 696w, https:\/\/jorgezanoni.com.br\/2019\/wp-content\/uploads\/2022\/02\/trevo-1068x601.jpg 1068w, https:\/\/jorgezanoni.com.br\/2019\/wp-content\/uploads\/2022\/02\/trevo-747x420.jpg 747w\" sizes=\"auto, (max-width: 1280px) 100vw, 1280px\" \/> <img loading=\"lazy\" decoding=\"async\" class=\"alignnone size-full wp-image-59611\" src=\"https:\/\/jorgezanoni.com.br\/2019\/wp-content\/uploads\/2022\/02\/trevo1.jpg\" alt=\"\" width=\"1280\" height=\"720\" srcset=\"https:\/\/jorgezanoni.com.br\/2019\/wp-content\/uploads\/2022\/02\/trevo1.jpg 1280w, https:\/\/jorgezanoni.com.br\/2019\/wp-content\/uploads\/2022\/02\/trevo1-300x169.jpg 300w, https:\/\/jorgezanoni.com.br\/2019\/wp-content\/uploads\/2022\/02\/trevo1-1024x576.jpg 1024w, https:\/\/jorgezanoni.com.br\/2019\/wp-content\/uploads\/2022\/02\/trevo1-768x432.jpg 768w, https:\/\/jorgezanoni.com.br\/2019\/wp-content\/uploads\/2022\/02\/trevo1-696x392.jpg 696w, https:\/\/jorgezanoni.com.br\/2019\/wp-content\/uploads\/2022\/02\/trevo1-1068x601.jpg 1068w, https:\/\/jorgezanoni.com.br\/2019\/wp-content\/uploads\/2022\/02\/trevo1-747x420.jpg 747w\" sizes=\"auto, (max-width: 1280px) 100vw, 1280px\" \/>Fonte\/Fotos: Diego Pereira &#8211; Mais Tup\u00e3!<\/p>\n","protected":false},"excerpt":{"rendered":"<p>No final da tarde desta quarta-feira o condutor de uma carreta carregada com amendoim trafegava pela Rodovia Comandante Jo\u00e3o Ribeiro de Barros, no sentido de Iacri para Tup\u00e3, quando ao contornar o trevo de acesso ao Distrito de Universo perdeu o controle da dire\u00e7\u00e3o e o ve\u00edculo acabou tombando. Parte da carga ficou espalhada em [&hellip;]<\/p>\n","protected":false},"author":1,"featured_media":59612,"comment_status":"closed","ping_status":"open","sticky":false,"template":"","format":"standard","meta":{"footnotes":""},"categories":[170,110],"tags":[],"class_list":["post-59609","post","type-post","status-publish","format-standard","has-post-thumbnail","hentry","category-acidentes","category-noticiasdestaque"],"_links":{"self":[{"href":"https:\/\/jorgezanoni.com.br\/2019\/wp-json\/wp\/v2\/posts\/59609","targetHints":{"allow":["GET"]}}],"collection":[{"href":"https:\/\/jorgezanoni.com.br\/2019\/wp-json\/wp\/v2\/posts"}],"about":[{"href":"https:\/\/jorgezanoni.com.br\/2019\/wp-json\/wp\/v2\/types\/post"}],"author":[{"embeddable":true,"href":"https:\/\/jorgezanoni.com.br\/2019\/wp-json\/wp\/v2\/users\/1"}],"replies":[{"embeddable":true,"href":"https:\/\/jorgezanoni.com.br\/2019\/wp-json\/wp\/v2\/comments?post=59609"}],"version-history":[{"count":0,"href":"https:\/\/jorgezanoni.com.br\/2019\/wp-json\/wp\/v2\/posts\/59609\/revisions"}],"wp:featuredmedia":[{"embeddable":true,"href":"https:\/\/jorgezanoni.com.br\/2019\/wp-json\/wp\/v2\/media\/59612"}],"wp:attachment":[{"href":"https:\/\/jorgezanoni.com.br\/2019\/wp-json\/wp\/v2\/media?parent=59609"}],"wp:term":[{"taxonomy":"category","embeddable":true,"href":"https:\/\/jorgezanoni.com.br\/2019\/wp-json\/wp\/v2\/categories?post=59609"},{"taxonomy":"post_tag","embeddable":true,"href":"https:\/\/jorgezanoni.com.br\/2019\/wp-json\/wp\/v2\/tags?post=59609"}],"curies":[{"name":"wp","href":"https:\/\/api.w.org\/{rel}","templated":true}]}}