{"id":59605,"date":"2022-02-10T14:21:02","date_gmt":"2022-02-10T14:21:02","guid":{"rendered":"https:\/\/jorgezanoni.com.br\/2019\/?p=59605"},"modified":"2022-02-10T14:21:02","modified_gmt":"2022-02-10T14:21:02","slug":"operacao-dedo-podre-mais-225-condutores-suspeitos-de-terem-efetuado-pratica-criminosa-sao-indiciados","status":"publish","type":"post","link":"https:\/\/jorgezanoni.com.br\/2019\/operacao-dedo-podre-mais-225-condutores-suspeitos-de-terem-efetuado-pratica-criminosa-sao-indiciados\/","title":{"rendered":"OPERA\u00c7\u00c3O DEDO PODRE: Mais 225 condutores suspeitos de terem efetuado pr\u00e1tica criminosa, s\u00e3o indiciados"},"content":{"rendered":"<p style=\"text-align: justify;\"><strong>OPERA\u00c7\u00c3O DEDO PODRE: POL\u00cdCIA CIVIL SP INICIA 2\u00aa FASE DA A\u00c7\u00c3O COM O INDICIAMENTO DE MAIS 225 CONDUTORES SUSPEITOS DE TEREM EFETUADO A PR\u00c1TICA CRIMINOSA.<\/strong><\/p>\n<p style=\"text-align: justify;\">Opera\u00e7\u00e3o visa punir condutores que transferiram ilicitamente suas CNHs para outros Estados a fim de evitar san\u00e7\u00e3o administrativa. No total da 1\u00aa e 2\u00aa fase foram identificados 356 condutores.<\/p>\n<p style=\"text-align: justify;\">A Pol\u00edcia Civil do Estado de S\u00e3o Paulo, por interm\u00e9dio das Unidades Especializadas (Delegacia de Investiga\u00e7\u00f5es Gerais &#8211; DIG e Delegacia de Investiga\u00e7\u00e3o Sobre Entorpecentes &#8211; DISE), com apoio do Centro de Intelig\u00eancia Policial &#8211; CIP deflagra entre a data de hoje (10) e o dia 25 de fevereiro de 2022, a 2\u00aa fase da Opera\u00e7\u00e3o Dedo Podre, com o indiciamento de 225 condutores suspeitos de terem praticado os crimes.<\/p>\n<p style=\"text-align: justify;\">A a\u00e7\u00e3o visa punir os condutores de ve\u00edculos automotores que residem no Estado de S\u00e3o Paulo e, para escapar das penalidades administrativas impostas pelo \u00f3rg\u00e3o estadual de tr\u00e2nsito, ou em vias de s\u00ea-lo, transferiram ilicitamente suas CNHs para outros Estados da Federa\u00e7\u00e3o, declarando endere\u00e7o residencial falso e, muitas das vezes mediante o pagamento de propina a agente p\u00fablico respons\u00e1vel pelo \u00f3rg\u00e3o de tr\u00e2nsito.<\/p>\n<p style=\"text-align: justify;\">A for\u00e7a-tarefa tem por escopo concluir as investiga\u00e7\u00f5es realizadas desde o m\u00eas de mar\u00e7o de 2018, com a formaliza\u00e7\u00e3o dos indiciamentos de todos os condutores de ve\u00edculos envolvidos no esquema criminoso, finalizando assim, os inqu\u00e9ritos policiais instaurados.<\/p>\n<p style=\"text-align: justify;\">Na 1\u00aa fase da opera\u00e7\u00e3o, deflagrada em 01\/08\/2019, foram presas 4 pessoas, sendo 1 morador de Dracena\/SP, 2 de Ilha Solteira\/SP e 1 de Selv\u00edria\/MS, suspeitos de integrarem a associa\u00e7\u00e3o criminosa que providenciava as transfer\u00eancias.<\/p>\n<p style=\"text-align: justify;\">Tamb\u00e9m foram identificados 131 condutores de ve\u00edculos que haviam se utilizado do expediente fraudulento, sendo instaurados os competentes inqu\u00e9ritos policiais para o encaminhamento a Justi\u00e7a visando suas responsabiliza\u00e7\u00f5es criminais.<\/p>\n<p style=\"text-align: justify;\">Durantes as a\u00e7\u00f5es operacionais realizadas no ano de 2019, ainda foram apreendidos documentos, computadores e ve\u00edculos dos envolvidos no esquema.<\/p>\n<p style=\"text-align: justify;\">Atrav\u00e9s da an\u00e1lise dos objetos e documentos apreendidos e valendo-se do servi\u00e7o de intelig\u00eancia e de trocas das informa\u00e7\u00f5es com outros \u00f3rg\u00e3os p\u00fablicos, foi poss\u00edvel catalogar aproximadamente 2.000 condutores de ve\u00edculos.<\/p>\n<p style=\"text-align: justify;\">Foram efetuadas pesquisas junto ao banco de dados da Pol\u00edcia Civil, a fim de avaliar as condutas de cada uma das pessoas catalogadas, sendo, ent\u00e3o, identificados nesta 2\u00aa fase, outros 225 condutores suspeitos de terem praticado crimes.<\/p>\n<p style=\"text-align: justify;\">Constatou-se durante as investiga\u00e7\u00f5es policiais realizadas que foram transferidas, de maneira il\u00edcita, CNHs para os seguintes Estados: Mato Grosso do Sul\/MS, Mato Grosso\/MT, Goi\u00e1s\/GO, Paran\u00e1\/PR, Par\u00e1\/PA, Minas Gerais\/MG e Pernambuco\/PE.<\/p>\n<p style=\"text-align: justify;\">Diante disto, foram instaurados pela DIG\/DISE de Dracena 225 inqu\u00e9ritos policiais aut\u00f4nomos, a fim de apurar as respectivas condutas, sendo que com a conclus\u00e3o dos trabalhos de Pol\u00edcia Judici\u00e1ria, os Inqu\u00e9ritos Policiais ser\u00e3o encaminhados \u00e0 Justi\u00e7a P\u00fablica para eventual puni\u00e7\u00e3o dos envolvidos.<\/p>\n<p style=\"text-align: justify;\">Os condutores que se utilizaram dos servi\u00e7os da associa\u00e7\u00e3o criminosa, poder\u00e3o responder pelos delitos de corrup\u00e7\u00e3o ativa, que prev\u00ea pena de 02 a 12 anos de reclus\u00e3o e tamb\u00e9m de falsidade ideol\u00f3gica, em raz\u00e3o da declara\u00e7\u00e3o falsa de endere\u00e7o, sendo que neste caso a pena cominada \u00e9 de reclus\u00e3o de 01 a 05 anos, al\u00e9m de multas. Os servidores que eventualmente participaram dos crimes, podem responder por corrup\u00e7\u00e3o passiva, al\u00e9m das san\u00e7\u00f5es administrativas.<\/p>\n<p style=\"text-align: justify;\">Cabe ressaltar que durante a 1\u00aa fase da Opera\u00e7\u00e3o Dedo Podre foram propostos pelo Minist\u00e9rio P\u00fablico do Estado de S\u00e3o acordos de n\u00e3o persecu\u00e7\u00e3o penal aos condutores que preenchiam os requisitos legais, sendo tais homologados pela 2\u00aa Vara Criminal da Comarca de Dracena\/SP, redundando na arrecada\u00e7\u00e3o de quase 1 milh\u00e3o de reais, que est\u00e3o sendo revertidos as entidades assistenciais, sendo que parte do valor arrecadado, inclusive, foi determinado judicialmente para a ajuda no combate e tratamento da Covid-19.<\/p>\n<p style=\"text-align: justify;\">Fonte: Com. Social Pol\u00edcia Civil<\/p>\n","protected":false},"excerpt":{"rendered":"<p>OPERA\u00c7\u00c3O DEDO PODRE: POL\u00cdCIA CIVIL SP INICIA 2\u00aa FASE DA A\u00c7\u00c3O COM O INDICIAMENTO DE MAIS 225 CONDUTORES SUSPEITOS DE TEREM EFETUADO A PR\u00c1TICA CRIMINOSA. Opera\u00e7\u00e3o visa punir condutores que transferiram ilicitamente suas CNHs para outros Estados a fim de evitar san\u00e7\u00e3o administrativa. No total da 1\u00aa e 2\u00aa fase foram identificados 356 condutores. A [&hellip;]<\/p>\n","protected":false},"author":1,"featured_media":59606,"comment_status":"closed","ping_status":"open","sticky":false,"template":"","format":"standard","meta":{"footnotes":""},"categories":[110,2],"tags":[],"class_list":["post-59605","post","type-post","status-publish","format-standard","has-post-thumbnail","hentry","category-noticiasdestaque","category-policial"],"_links":{"self":[{"href":"https:\/\/jorgezanoni.com.br\/2019\/wp-json\/wp\/v2\/posts\/59605","targetHints":{"allow":["GET"]}}],"collection":[{"href":"https:\/\/jorgezanoni.com.br\/2019\/wp-json\/wp\/v2\/posts"}],"about":[{"href":"https:\/\/jorgezanoni.com.br\/2019\/wp-json\/wp\/v2\/types\/post"}],"author":[{"embeddable":true,"href":"https:\/\/jorgezanoni.com.br\/2019\/wp-json\/wp\/v2\/users\/1"}],"replies":[{"embeddable":true,"href":"https:\/\/jorgezanoni.com.br\/2019\/wp-json\/wp\/v2\/comments?post=59605"}],"version-history":[{"count":0,"href":"https:\/\/jorgezanoni.com.br\/2019\/wp-json\/wp\/v2\/posts\/59605\/revisions"}],"wp:featuredmedia":[{"embeddable":true,"href":"https:\/\/jorgezanoni.com.br\/2019\/wp-json\/wp\/v2\/media\/59606"}],"wp:attachment":[{"href":"https:\/\/jorgezanoni.com.br\/2019\/wp-json\/wp\/v2\/media?parent=59605"}],"wp:term":[{"taxonomy":"category","embeddable":true,"href":"https:\/\/jorgezanoni.com.br\/2019\/wp-json\/wp\/v2\/categories?post=59605"},{"taxonomy":"post_tag","embeddable":true,"href":"https:\/\/jorgezanoni.com.br\/2019\/wp-json\/wp\/v2\/tags?post=59605"}],"curies":[{"name":"wp","href":"https:\/\/api.w.org\/{rel}","templated":true}]}}