{"id":59562,"date":"2022-02-08T23:58:15","date_gmt":"2022-02-08T23:58:15","guid":{"rendered":"https:\/\/jorgezanoni.com.br\/2019\/?p=59562"},"modified":"2022-02-08T23:58:15","modified_gmt":"2022-02-08T23:58:15","slug":"a-critica-pela-critica-eis-a-questao-por-sergio-barbosa","status":"publish","type":"post","link":"https:\/\/jorgezanoni.com.br\/2019\/a-critica-pela-critica-eis-a-questao-por-sergio-barbosa\/","title":{"rendered":"A cr\u00edtica pela cr\u00edtica: &#8220;Eis a quest\u00e3o?&#8221; (por S\u00e9rgio Barbosa)"},"content":{"rendered":"<p style=\"text-align: justify;\"><strong><em>\u201cN\u00e3o \u00e9 dado ao saber humano conhecer toda a extens\u00e3o da sua ignor\u00e2ncia.\u201d\u00a0<\/em><em>(Marqu\u00eas de Marica)<\/em><\/strong><\/p>\n<p style=\"text-align: justify;\"><em>S\u00e9rgio Barbosa (*)<\/em><\/p>\n<p style=\"text-align: justify;\"><strong><em>N<\/em><\/strong>\u00e3o \u00e9 f\u00e1cil assumir responsabilidade neste NOVO TEMPO NOVO, quando os objetivos est\u00e3o em compasso de espera, frente aos desafios que chegam por meio da denominada p\u00f3s-globaliza\u00e7\u00e3o MIDI\u00c1TICA&#8230;<\/p>\n<p style=\"text-align: justify;\">O compromisso com o P\u00daBLICO ALVO, bem como, com os PATROCINADORES\/AS em geral, nos coloca frente a frente com os\/as CR\u00cdTICOS\/AS de plant\u00e3o, ainda, o que seria do mundo sem os mesmos\/as&#8230;<\/p>\n<p style=\"text-align: justify;\">O dif\u00edcil \u00e9 tentar entender o que se passa na cabe\u00e7a daqueles que pensam alguma coisa pra si mesmo, sem mais ou menos, acabam fazendo das CR\u00cdTICAS um ve\u00edculo mesquinho e hip\u00f3crita, caindo na mesmice de sempre, ou seja, A CR\u00cdTICA PELA CR\u00cdTICA e ponto quase final&#8230;<\/p>\n<p style=\"text-align: justify;\">Neste caso em PAUTA, desenvolver PROJETOS MIDI\u00c1TICOS em \u00e1reas afins \u00e9 estar exposto na vitrine do\/a LEITOR\/A, ao mesmo tempo, \u00e9 preciso estar em conex\u00e3o com as novas propostas do mercado editorial contempor\u00e2neo mediados pelas REDES SOCIAIS em tempo de PROCESSOS DIGITAIS&#8230;<\/p>\n<p style=\"text-align: justify;\">Todas as atividades, profissionais ou acad\u00eamicas, est\u00e3o inseridas neste cen\u00e1rio multimidi\u00e1tico, mas nem sempre o contexto em pauta colabora com CR\u00cdTICAS, por\u00e9m, o que prevalece na maioria dos casos \u00e9 apenas A CR\u00cdTICA PELA CR\u00cdTICA, ou seja, o tal SENSO COMUM, haja vista que n\u00e3o precisa de fundamentos t\u00e9cnicos ou acad\u00eamicos&#8230;<\/p>\n<p style=\"text-align: justify;\">Assumir COMPROMISSO \u00e9 ter compet\u00eancia para gerar novas ALTERNATIVAS com QUALIFICA\u00c7\u00c3O para a COMUNIDADE, tendo em vista que trata-se de um CONTEXTO MULTICULTURAL em meio aos desencontros que o mercado proporciona para todos\/as, todavia, como um DESAFIO constante para os <em>profissionais da ERA GLOCAL, <\/em>isso \u00e9, do global para o local&#8230;<\/p>\n<p style=\"text-align: justify;\">QUEM SOBREVIVER VAI SABER&#8230;<\/p>\n<p style=\"text-align: justify;\"><em>________________________________<\/em><\/p>\n<p style=\"text-align: justify;\"><em>(*) Jornalista diplomado e professor universit\u00e1rio.<\/em><\/p>\n<p style=\"text-align: justify;\"><em>e-mail: <a href=\"mailto:barbosa.sebar@gmail.com\">barbosa.sebar@gmail.com<\/a><\/em><\/p>\n","protected":false},"excerpt":{"rendered":"<p>\u201cN\u00e3o \u00e9 dado ao saber humano conhecer toda a extens\u00e3o da sua ignor\u00e2ncia.\u201d\u00a0(Marqu\u00eas de Marica) S\u00e9rgio Barbosa (*) N\u00e3o \u00e9 f\u00e1cil assumir responsabilidade neste NOVO TEMPO NOVO, quando os objetivos est\u00e3o em compasso de espera, frente aos desafios que chegam por meio da denominada p\u00f3s-globaliza\u00e7\u00e3o MIDI\u00c1TICA&#8230; O compromisso com o P\u00daBLICO ALVO, bem como, com [&hellip;]<\/p>\n","protected":false},"author":1,"featured_media":59563,"comment_status":"closed","ping_status":"open","sticky":false,"template":"","format":"standard","meta":{"footnotes":""},"categories":[175],"tags":[],"class_list":["post-59562","post","type-post","status-publish","format-standard","has-post-thumbnail","hentry","category-artigos"],"_links":{"self":[{"href":"https:\/\/jorgezanoni.com.br\/2019\/wp-json\/wp\/v2\/posts\/59562","targetHints":{"allow":["GET"]}}],"collection":[{"href":"https:\/\/jorgezanoni.com.br\/2019\/wp-json\/wp\/v2\/posts"}],"about":[{"href":"https:\/\/jorgezanoni.com.br\/2019\/wp-json\/wp\/v2\/types\/post"}],"author":[{"embeddable":true,"href":"https:\/\/jorgezanoni.com.br\/2019\/wp-json\/wp\/v2\/users\/1"}],"replies":[{"embeddable":true,"href":"https:\/\/jorgezanoni.com.br\/2019\/wp-json\/wp\/v2\/comments?post=59562"}],"version-history":[{"count":0,"href":"https:\/\/jorgezanoni.com.br\/2019\/wp-json\/wp\/v2\/posts\/59562\/revisions"}],"wp:featuredmedia":[{"embeddable":true,"href":"https:\/\/jorgezanoni.com.br\/2019\/wp-json\/wp\/v2\/media\/59563"}],"wp:attachment":[{"href":"https:\/\/jorgezanoni.com.br\/2019\/wp-json\/wp\/v2\/media?parent=59562"}],"wp:term":[{"taxonomy":"category","embeddable":true,"href":"https:\/\/jorgezanoni.com.br\/2019\/wp-json\/wp\/v2\/categories?post=59562"},{"taxonomy":"post_tag","embeddable":true,"href":"https:\/\/jorgezanoni.com.br\/2019\/wp-json\/wp\/v2\/tags?post=59562"}],"curies":[{"name":"wp","href":"https:\/\/api.w.org\/{rel}","templated":true}]}}