{"id":59552,"date":"2022-02-08T17:04:05","date_gmt":"2022-02-08T17:04:05","guid":{"rendered":"https:\/\/jorgezanoni.com.br\/2019\/?p=59552"},"modified":"2022-02-08T17:04:05","modified_gmt":"2022-02-08T17:04:05","slug":"moradora-sonha-em-ter-area-de-lazer-em-conjunto-habitacional","status":"publish","type":"post","link":"https:\/\/jorgezanoni.com.br\/2019\/moradora-sonha-em-ter-area-de-lazer-em-conjunto-habitacional\/","title":{"rendered":"Moradora sonha em ter \u00e1rea de lazer em Conjunto Habitacional"},"content":{"rendered":"<p style=\"text-align: justify;\">Uma moradora do Bairro Nossa Senhora Aparecida entrou em contato com a reportagem do Site JZ, para reivindicar junto as autoridades competentes uma melhoria em \u00e1rea verde.<\/p>\n<p style=\"text-align: justify;\">Segundo ela, o grande sonho \u00e9 ver o local arborizado, com uma pista de caminhada e brinquedos para as crian\u00e7as, al\u00e9m de uma academia ao ar livre.<\/p>\n<p style=\"text-align: justify;\">O local sugerido no bairro, \u00e9 esquina das Ruas Lucinda Rosa dos Santos com Francisco Cabral Barone.<\/p>\n<p style=\"text-align: justify;\">T\u00e1 a\u00ed a sugest\u00e3o ao Prefeito e Vereadores, para que passem pelo local e vejam o que pode ser feito para os moradores daquelas imedia\u00e7\u00f5es.<\/p>\n<p><img loading=\"lazy\" decoding=\"async\" class=\"alignnone size-full wp-image-59554\" src=\"https:\/\/jorgezanoni.com.br\/2019\/wp-content\/uploads\/2022\/02\/pede1-2.jpg\" alt=\"\" width=\"276\" height=\"210\" srcset=\"https:\/\/jorgezanoni.com.br\/2019\/wp-content\/uploads\/2022\/02\/pede1-2.jpg 276w, https:\/\/jorgezanoni.com.br\/2019\/wp-content\/uploads\/2022\/02\/pede1-2-80x60.jpg 80w\" sizes=\"auto, (max-width: 276px) 100vw, 276px\" \/> <img loading=\"lazy\" decoding=\"async\" class=\"alignnone size-full wp-image-59555\" src=\"https:\/\/jorgezanoni.com.br\/2019\/wp-content\/uploads\/2022\/02\/pede2-2.jpg\" alt=\"\" width=\"455\" height=\"238\" srcset=\"https:\/\/jorgezanoni.com.br\/2019\/wp-content\/uploads\/2022\/02\/pede2-2.jpg 455w, https:\/\/jorgezanoni.com.br\/2019\/wp-content\/uploads\/2022\/02\/pede2-2-300x157.jpg 300w\" sizes=\"auto, (max-width: 455px) 100vw, 455px\" \/><\/p>\n<p style=\"text-align: justify;\">Jorge Zanoni<\/p>\n<p style=\"text-align: justify;\">Fotos de Internauta<\/p>\n<p>&nbsp;<\/p>\n<p>&nbsp;<\/p>\n","protected":false},"excerpt":{"rendered":"<p>Uma moradora do Bairro Nossa Senhora Aparecida entrou em contato com a reportagem do Site JZ, para reivindicar junto as autoridades competentes uma melhoria em \u00e1rea verde. Segundo ela, o grande sonho \u00e9 ver o local arborizado, com uma pista de caminhada e brinquedos para as crian\u00e7as, al\u00e9m de uma academia ao ar livre. O [&hellip;]<\/p>\n","protected":false},"author":1,"featured_media":59553,"comment_status":"closed","ping_status":"open","sticky":false,"template":"","format":"standard","meta":{"footnotes":""},"categories":[179,184,110],"tags":[],"class_list":["post-59552","post","type-post","status-publish","format-standard","has-post-thumbnail","hentry","category-cidadeseregiao","category-dracena","category-noticiasdestaque"],"_links":{"self":[{"href":"https:\/\/jorgezanoni.com.br\/2019\/wp-json\/wp\/v2\/posts\/59552","targetHints":{"allow":["GET"]}}],"collection":[{"href":"https:\/\/jorgezanoni.com.br\/2019\/wp-json\/wp\/v2\/posts"}],"about":[{"href":"https:\/\/jorgezanoni.com.br\/2019\/wp-json\/wp\/v2\/types\/post"}],"author":[{"embeddable":true,"href":"https:\/\/jorgezanoni.com.br\/2019\/wp-json\/wp\/v2\/users\/1"}],"replies":[{"embeddable":true,"href":"https:\/\/jorgezanoni.com.br\/2019\/wp-json\/wp\/v2\/comments?post=59552"}],"version-history":[{"count":0,"href":"https:\/\/jorgezanoni.com.br\/2019\/wp-json\/wp\/v2\/posts\/59552\/revisions"}],"wp:featuredmedia":[{"embeddable":true,"href":"https:\/\/jorgezanoni.com.br\/2019\/wp-json\/wp\/v2\/media\/59553"}],"wp:attachment":[{"href":"https:\/\/jorgezanoni.com.br\/2019\/wp-json\/wp\/v2\/media?parent=59552"}],"wp:term":[{"taxonomy":"category","embeddable":true,"href":"https:\/\/jorgezanoni.com.br\/2019\/wp-json\/wp\/v2\/categories?post=59552"},{"taxonomy":"post_tag","embeddable":true,"href":"https:\/\/jorgezanoni.com.br\/2019\/wp-json\/wp\/v2\/tags?post=59552"}],"curies":[{"name":"wp","href":"https:\/\/api.w.org\/{rel}","templated":true}]}}