{"id":59524,"date":"2022-02-07T22:07:24","date_gmt":"2022-02-07T22:07:24","guid":{"rendered":"https:\/\/jorgezanoni.com.br\/2019\/?p=59524"},"modified":"2022-02-07T22:07:24","modified_gmt":"2022-02-07T22:07:24","slug":"assuntos-viarios-em-dracena-prepara-plano-de-mobilidade-urbana","status":"publish","type":"post","link":"https:\/\/jorgezanoni.com.br\/2019\/assuntos-viarios-em-dracena-prepara-plano-de-mobilidade-urbana\/","title":{"rendered":"Assuntos Vi\u00e1rios em Dracena prepara plano de mobilidade urbana"},"content":{"rendered":"<div class=\"ntc_resumo_noticia sw_lato_bold\" style=\"text-align: justify;\">O objetivo \u00e9 facilitar a circula\u00e7\u00e3o e deslocamento da popula\u00e7\u00e3o que reside nos bairros Palmeiras l, ll, lll e lV, Frei Moacir lll, S\u00e3o Crist\u00f3v\u00e3o, Campo Belo l, ll e lll, Aroeiras e Novo Horizonte<\/div>\n<div class=\"ntc_descricao_noticia\">\n<div class=\"ntc_cont_descricao_noticia sw_txteditor\">\n<div style=\"text-align: justify;\">O Conselho Municipal de Tr\u00e2nsito (Comutra) se reuniu no dia 27 de janeiro e aprovou projeto que trata de algumas mudan\u00e7as no tr\u00e2nsito dracenense. O trabalho foi apresentado pelo Departamento de Assuntos Vi\u00e1rios, por meio da Secretaria de Infraestrutura.<br \/>\nConforme o diretor do departamento An\u00edsio Almeida, est\u00e1 sendo providenciado um plano de mobilidade urbana, com objetivo de facilitar a circula\u00e7\u00e3o e deslocamento, para atender a necessidade da popula\u00e7\u00e3o dos bairros Palmeiras l, ll, lll e lV, Frei Moacir lll, S\u00e3o Crist\u00f3v\u00e3o, Campo Belo l, ll e lll, Aroeiras e Novo Horizonte.<br \/>\nA Rua Florian\u00f3polis estender\u00e1 a preferencial da Av. Alcides Chacon Couto at\u00e9 a Av. Washington Luiz, as Ruas Porto Alegre e Belo Horizonte se tornar\u00e3o preferencial da Rua Fortaleza at\u00e9 a Av. Alcides Chacon Couto e a Av. Vit\u00f3ria se tornar\u00e1 preferencial da Av. Joaquim Andr\u00e9 at\u00e9 a Av. Jos\u00e9 Bonif\u00e1cio.<br \/>\nAn\u00edsio explicou que a Rua Florian\u00f3polis, ser\u00e1 uma via importante para o tr\u00e1fego, porque al\u00e9m de atender os bairros, vai facilitar o deslocamento das viaturas do 25\u00b0 Batalh\u00e3o da Pol\u00edcia Militar, (na Av. Alcides Chacon Couto) sentindo oeste da cidade.<br \/>\nJ\u00e1 a Av. Vit\u00f3ria, ter\u00e1 um deslocamento mais \u00e1gil para ve\u00edculos e ambul\u00e2ncias, no sentido \u00e0 Santa Casa.<br \/>\nAs\u00a0medidas anunciadas ainda entrar\u00e3o em vigor, cuja data ser\u00e1 informada com anteced\u00eancia.<\/div>\n<div><\/div>\n<div><img loading=\"lazy\" decoding=\"async\" class=\"alignnone size-full wp-image-59525\" src=\"https:\/\/jorgezanoni.com.br\/2019\/wp-content\/uploads\/2022\/02\/muda.jpg\" alt=\"\" width=\"800\" height=\"600\" srcset=\"https:\/\/jorgezanoni.com.br\/2019\/wp-content\/uploads\/2022\/02\/muda.jpg 800w, https:\/\/jorgezanoni.com.br\/2019\/wp-content\/uploads\/2022\/02\/muda-300x225.jpg 300w, https:\/\/jorgezanoni.com.br\/2019\/wp-content\/uploads\/2022\/02\/muda-768x576.jpg 768w, https:\/\/jorgezanoni.com.br\/2019\/wp-content\/uploads\/2022\/02\/muda-80x60.jpg 80w, https:\/\/jorgezanoni.com.br\/2019\/wp-content\/uploads\/2022\/02\/muda-265x198.jpg 265w, https:\/\/jorgezanoni.com.br\/2019\/wp-content\/uploads\/2022\/02\/muda-696x522.jpg 696w, https:\/\/jorgezanoni.com.br\/2019\/wp-content\/uploads\/2022\/02\/muda-560x420.jpg 560w\" sizes=\"auto, (max-width: 800px) 100vw, 800px\" \/> <img loading=\"lazy\" decoding=\"async\" class=\"alignnone size-full wp-image-59526\" src=\"https:\/\/jorgezanoni.com.br\/2019\/wp-content\/uploads\/2022\/02\/muda1.jpg\" alt=\"\" width=\"800\" height=\"600\" srcset=\"https:\/\/jorgezanoni.com.br\/2019\/wp-content\/uploads\/2022\/02\/muda1.jpg 800w, https:\/\/jorgezanoni.com.br\/2019\/wp-content\/uploads\/2022\/02\/muda1-300x225.jpg 300w, https:\/\/jorgezanoni.com.br\/2019\/wp-content\/uploads\/2022\/02\/muda1-768x576.jpg 768w, https:\/\/jorgezanoni.com.br\/2019\/wp-content\/uploads\/2022\/02\/muda1-80x60.jpg 80w, https:\/\/jorgezanoni.com.br\/2019\/wp-content\/uploads\/2022\/02\/muda1-265x198.jpg 265w, https:\/\/jorgezanoni.com.br\/2019\/wp-content\/uploads\/2022\/02\/muda1-696x522.jpg 696w, https:\/\/jorgezanoni.com.br\/2019\/wp-content\/uploads\/2022\/02\/muda1-560x420.jpg 560w\" sizes=\"auto, (max-width: 800px) 100vw, 800px\" \/><\/div>\n<\/div>\n<\/div>\n<div class=\"ntc_descricao_noticia\">\n<div class=\"ntc_cont_descricao_noticia sw_txteditor\">\n<div>Fonte: Diretoria de Comunica\u00e7\u00e3o<\/div>\n<\/div>\n<\/div>\n","protected":false},"excerpt":{"rendered":"<p>O objetivo \u00e9 facilitar a circula\u00e7\u00e3o e deslocamento da popula\u00e7\u00e3o que reside nos bairros Palmeiras l, ll, lll e lV, Frei Moacir lll, S\u00e3o Crist\u00f3v\u00e3o, Campo Belo l, ll e lll, Aroeiras e Novo Horizonte O Conselho Municipal de Tr\u00e2nsito (Comutra) se reuniu no dia 27 de janeiro e aprovou projeto que trata de algumas [&hellip;]<\/p>\n","protected":false},"author":1,"featured_media":59527,"comment_status":"closed","ping_status":"open","sticky":false,"template":"","format":"standard","meta":{"footnotes":""},"categories":[179,184,180,110],"tags":[],"class_list":["post-59524","post","type-post","status-publish","format-standard","has-post-thumbnail","hentry","category-cidadeseregiao","category-dracena","category-estradastransitoveiculos","category-noticiasdestaque"],"_links":{"self":[{"href":"https:\/\/jorgezanoni.com.br\/2019\/wp-json\/wp\/v2\/posts\/59524","targetHints":{"allow":["GET"]}}],"collection":[{"href":"https:\/\/jorgezanoni.com.br\/2019\/wp-json\/wp\/v2\/posts"}],"about":[{"href":"https:\/\/jorgezanoni.com.br\/2019\/wp-json\/wp\/v2\/types\/post"}],"author":[{"embeddable":true,"href":"https:\/\/jorgezanoni.com.br\/2019\/wp-json\/wp\/v2\/users\/1"}],"replies":[{"embeddable":true,"href":"https:\/\/jorgezanoni.com.br\/2019\/wp-json\/wp\/v2\/comments?post=59524"}],"version-history":[{"count":0,"href":"https:\/\/jorgezanoni.com.br\/2019\/wp-json\/wp\/v2\/posts\/59524\/revisions"}],"wp:featuredmedia":[{"embeddable":true,"href":"https:\/\/jorgezanoni.com.br\/2019\/wp-json\/wp\/v2\/media\/59527"}],"wp:attachment":[{"href":"https:\/\/jorgezanoni.com.br\/2019\/wp-json\/wp\/v2\/media?parent=59524"}],"wp:term":[{"taxonomy":"category","embeddable":true,"href":"https:\/\/jorgezanoni.com.br\/2019\/wp-json\/wp\/v2\/categories?post=59524"},{"taxonomy":"post_tag","embeddable":true,"href":"https:\/\/jorgezanoni.com.br\/2019\/wp-json\/wp\/v2\/tags?post=59524"}],"curies":[{"name":"wp","href":"https:\/\/api.w.org\/{rel}","templated":true}]}}