{"id":5952,"date":"2019-09-12T02:10:41","date_gmt":"2019-09-12T02:10:41","guid":{"rendered":"https:\/\/jorgezanoni.com.br\/2019\/?p=5952"},"modified":"2019-09-12T02:10:41","modified_gmt":"2019-09-12T02:10:41","slug":"corpo-de-rapaz-de-28-anos-e-encontrado-em-corrego","status":"publish","type":"post","link":"https:\/\/jorgezanoni.com.br\/2019\/corpo-de-rapaz-de-28-anos-e-encontrado-em-corrego\/","title":{"rendered":"Corpo de rapaz de 28 anos \u00e9 encontrado em c\u00f3rrego"},"content":{"rendered":"<p style=\"text-align: justify;\">O corpo de um rapaz de 28 anos foi encontrado na manh\u00e3 desta quarta-feira (11), em um c\u00f3rrego no bairro Argollo Ferr\u00e3o, zona Oeste de Mar\u00edlia.<\/p>\n<p style=\"text-align: justify;\">A v\u00edtima foi identificada como Jo\u00e3o dos Santos Fernandes. O homem foi retirado do c\u00f3rrego por uma equipe do Corpo de Bombeiros.<\/p>\n<p style=\"text-align: justify;\">O delegado da DIG (Delegacia de Investiga\u00e7\u00f5es Gerais), Valdir Tramontini, informou que aparentemente o corpo n\u00e3o tem sinais de viol\u00eancia, mas passar\u00e1 por exame no Instituto M\u00e9dico Legal (IML) para confirma\u00e7\u00e3o.<\/p>\n<p style=\"text-align: justify;\">O rapaz estava desaparecido desde o dia 2 de setembro e foi encontrado por populares. A fam\u00edlia teria dito ainda que ele tinha problemas psiqui\u00e1tricos.<\/p>\n<p style=\"text-align: justify;\">N\u00e3o est\u00e1 descartado um poss\u00edvel afogamento, j\u00e1 que algumas testemunhas relataram ter visto o jovem nadando no c\u00f3rrego.<\/p>\n<p style=\"text-align: justify;\">Per\u00edcia e policiais civis tamb\u00e9m estiveram na \u00e1rea para iniciar a investiga\u00e7\u00e3o.<\/p>\n<p style=\"text-align: justify;\">Fonte: Mar\u00edlia Not\u00edcia<\/p>\n","protected":false},"excerpt":{"rendered":"<p>O corpo de um rapaz de 28 anos foi encontrado na manh\u00e3 desta quarta-feira (11), em um c\u00f3rrego no bairro Argollo Ferr\u00e3o, zona Oeste de Mar\u00edlia. A v\u00edtima foi identificada como Jo\u00e3o dos Santos Fernandes. O homem foi retirado do c\u00f3rrego por uma equipe do Corpo de Bombeiros. O delegado da DIG (Delegacia de Investiga\u00e7\u00f5es [&hellip;]<\/p>\n","protected":false},"author":1,"featured_media":5953,"comment_status":"closed","ping_status":"open","sticky":false,"template":"","format":"standard","meta":{"footnotes":""},"categories":[110,2],"tags":[],"class_list":["post-5952","post","type-post","status-publish","format-standard","has-post-thumbnail","hentry","category-noticiasdestaque","category-policial"],"_links":{"self":[{"href":"https:\/\/jorgezanoni.com.br\/2019\/wp-json\/wp\/v2\/posts\/5952","targetHints":{"allow":["GET"]}}],"collection":[{"href":"https:\/\/jorgezanoni.com.br\/2019\/wp-json\/wp\/v2\/posts"}],"about":[{"href":"https:\/\/jorgezanoni.com.br\/2019\/wp-json\/wp\/v2\/types\/post"}],"author":[{"embeddable":true,"href":"https:\/\/jorgezanoni.com.br\/2019\/wp-json\/wp\/v2\/users\/1"}],"replies":[{"embeddable":true,"href":"https:\/\/jorgezanoni.com.br\/2019\/wp-json\/wp\/v2\/comments?post=5952"}],"version-history":[{"count":0,"href":"https:\/\/jorgezanoni.com.br\/2019\/wp-json\/wp\/v2\/posts\/5952\/revisions"}],"wp:featuredmedia":[{"embeddable":true,"href":"https:\/\/jorgezanoni.com.br\/2019\/wp-json\/wp\/v2\/media\/5953"}],"wp:attachment":[{"href":"https:\/\/jorgezanoni.com.br\/2019\/wp-json\/wp\/v2\/media?parent=5952"}],"wp:term":[{"taxonomy":"category","embeddable":true,"href":"https:\/\/jorgezanoni.com.br\/2019\/wp-json\/wp\/v2\/categories?post=5952"},{"taxonomy":"post_tag","embeddable":true,"href":"https:\/\/jorgezanoni.com.br\/2019\/wp-json\/wp\/v2\/tags?post=5952"}],"curies":[{"name":"wp","href":"https:\/\/api.w.org\/{rel}","templated":true}]}}