{"id":59506,"date":"2022-02-07T21:18:22","date_gmt":"2022-02-07T21:18:22","guid":{"rendered":"https:\/\/jorgezanoni.com.br\/2019\/?p=59506"},"modified":"2022-02-07T21:18:22","modified_gmt":"2022-02-07T21:18:22","slug":"policia-civil-elucida-ocorrencia-sobre-as-circunstancias-da-queda-de-aviao-em-junqueiropolis","status":"publish","type":"post","link":"https:\/\/jorgezanoni.com.br\/2019\/policia-civil-elucida-ocorrencia-sobre-as-circunstancias-da-queda-de-aviao-em-junqueiropolis\/","title":{"rendered":"Pol\u00edcia Civil elucida ocorr\u00eancia sobre as circunst\u00e2ncias da queda de Avi\u00e3o em Junqueir\u00f3polis"},"content":{"rendered":"<p style=\"text-align: justify;\"><strong>O fato ocorreu no in\u00edcio do m\u00eas de abril de 2020, quando uma aeronave ap\u00f3s o pouso for\u00e7ado em \u00e1rea rural daquele munic\u00edpio, foi destru\u00eddo por um inc\u00eandio.<\/strong><\/p>\n<p style=\"text-align: justify;\">Ap\u00f3s 1 ano e 10 meses de investiga\u00e7\u00f5es, a Pol\u00edcia Civil, por interm\u00e9dio, da Delegacia de Pol\u00edcia de Junqueir\u00f3polis, em conjunto com policiais civis da Delegacia de Investiga\u00e7\u00f5es Sobre Entorpecentes &#8211; DISE, da cidade de Tup\u00e3, apuraram as circunst\u00e2ncias da queda de um avi\u00e3o Air Tractor, em abril de 2020, na \u00e1rea rural de Junqueir\u00f3polis.<\/p>\n<p style=\"text-align: justify;\">Naquela ocasi\u00e3o, a aeronave fez um pouso for\u00e7ado em uma \u00e1rea de canavial de uma usina do munic\u00edpio. No curso das investiga\u00e7\u00f5es, os policiais civis conseguiram apurar que a queda da aeronave est\u00e1 associada a chamada &#8220;pane seca&#8221; que \u00e9 a falta de combust\u00edvel, tanto que os trabalhos periciais no local n\u00e3o detectaram a presen\u00e7a de combust\u00edvel no local da queda. As investiga\u00e7\u00f5es apontaram ainda que referido avi\u00e3o possu\u00eda um compartimento clandestino destinado a transportar subst\u00e2ncias entorpecentes.<\/p>\n<p style=\"text-align: justify;\">Os policiais conseguiram identificar o propriet\u00e1rio da aeronave, bem como o local onde havia sido adquirido, em Minas Gerais. O propriet\u00e1rio anterior foi ouvido e colaborou com as investiga\u00e7\u00f5es.<\/p>\n<p style=\"text-align: justify;\">A DISE de Tup\u00e3, que investigou um fato semelhante, conseguiu prender dois indiv\u00edduos com cerca de 400 quilos de coca\u00edna, no \u00faltimo dia 23 de janeiro. Um deles confessou que a droga apreendida pertencia a mesmo indiv\u00edduo identificado como sendo o propriet\u00e1rio do avi\u00e3o que caiu em Junqueir\u00f3polis. Este indiv\u00edduo encontra-se foragido. Ele ser\u00e1 indiciado pelos crimes de associa\u00e7\u00e3o ao tr\u00e1fico de drogas e lavagem de dinheiro, cujas penas podem atingir a 20 anos de reclus\u00e3o, al\u00e9m de multa.<\/p>\n<p><img loading=\"lazy\" decoding=\"async\" class=\"alignnone size-full wp-image-59508\" src=\"https:\/\/jorgezanoni.com.br\/2019\/wp-content\/uploads\/2022\/02\/aviao1.jpg\" alt=\"\" width=\"1280\" height=\"960\" srcset=\"https:\/\/jorgezanoni.com.br\/2019\/wp-content\/uploads\/2022\/02\/aviao1.jpg 1280w, https:\/\/jorgezanoni.com.br\/2019\/wp-content\/uploads\/2022\/02\/aviao1-300x225.jpg 300w, https:\/\/jorgezanoni.com.br\/2019\/wp-content\/uploads\/2022\/02\/aviao1-1024x768.jpg 1024w, https:\/\/jorgezanoni.com.br\/2019\/wp-content\/uploads\/2022\/02\/aviao1-768x576.jpg 768w, https:\/\/jorgezanoni.com.br\/2019\/wp-content\/uploads\/2022\/02\/aviao1-80x60.jpg 80w, https:\/\/jorgezanoni.com.br\/2019\/wp-content\/uploads\/2022\/02\/aviao1-265x198.jpg 265w, https:\/\/jorgezanoni.com.br\/2019\/wp-content\/uploads\/2022\/02\/aviao1-696x522.jpg 696w, https:\/\/jorgezanoni.com.br\/2019\/wp-content\/uploads\/2022\/02\/aviao1-1068x801.jpg 1068w, https:\/\/jorgezanoni.com.br\/2019\/wp-content\/uploads\/2022\/02\/aviao1-560x420.jpg 560w\" sizes=\"auto, (max-width: 1280px) 100vw, 1280px\" \/><\/p>\n<p style=\"text-align: justify;\">Fonte: Com. Social da Pol\u00edcia Civil<\/p>\n","protected":false},"excerpt":{"rendered":"<p>O fato ocorreu no in\u00edcio do m\u00eas de abril de 2020, quando uma aeronave ap\u00f3s o pouso for\u00e7ado em \u00e1rea rural daquele munic\u00edpio, foi destru\u00eddo por um inc\u00eandio. Ap\u00f3s 1 ano e 10 meses de investiga\u00e7\u00f5es, a Pol\u00edcia Civil, por interm\u00e9dio, da Delegacia de Pol\u00edcia de Junqueir\u00f3polis, em conjunto com policiais civis da Delegacia de [&hellip;]<\/p>\n","protected":false},"author":1,"featured_media":59507,"comment_status":"closed","ping_status":"open","sticky":false,"template":"","format":"standard","meta":{"footnotes":""},"categories":[110,2],"tags":[],"class_list":["post-59506","post","type-post","status-publish","format-standard","has-post-thumbnail","hentry","category-noticiasdestaque","category-policial"],"_links":{"self":[{"href":"https:\/\/jorgezanoni.com.br\/2019\/wp-json\/wp\/v2\/posts\/59506","targetHints":{"allow":["GET"]}}],"collection":[{"href":"https:\/\/jorgezanoni.com.br\/2019\/wp-json\/wp\/v2\/posts"}],"about":[{"href":"https:\/\/jorgezanoni.com.br\/2019\/wp-json\/wp\/v2\/types\/post"}],"author":[{"embeddable":true,"href":"https:\/\/jorgezanoni.com.br\/2019\/wp-json\/wp\/v2\/users\/1"}],"replies":[{"embeddable":true,"href":"https:\/\/jorgezanoni.com.br\/2019\/wp-json\/wp\/v2\/comments?post=59506"}],"version-history":[{"count":0,"href":"https:\/\/jorgezanoni.com.br\/2019\/wp-json\/wp\/v2\/posts\/59506\/revisions"}],"wp:featuredmedia":[{"embeddable":true,"href":"https:\/\/jorgezanoni.com.br\/2019\/wp-json\/wp\/v2\/media\/59507"}],"wp:attachment":[{"href":"https:\/\/jorgezanoni.com.br\/2019\/wp-json\/wp\/v2\/media?parent=59506"}],"wp:term":[{"taxonomy":"category","embeddable":true,"href":"https:\/\/jorgezanoni.com.br\/2019\/wp-json\/wp\/v2\/categories?post=59506"},{"taxonomy":"post_tag","embeddable":true,"href":"https:\/\/jorgezanoni.com.br\/2019\/wp-json\/wp\/v2\/tags?post=59506"}],"curies":[{"name":"wp","href":"https:\/\/api.w.org\/{rel}","templated":true}]}}